{"id":1846,"date":"2013-04-05T17:30:36","date_gmt":"2013-04-05T15:30:36","guid":{"rendered":"http:\/\/blogs.diariosur.es\/-que-le-compro-\/?p=1846"},"modified":"2013-04-05T17:30:36","modified_gmt":"2013-04-05T15:30:36","slug":"puerto-marina-market-mercadillo-en-benalmadena-de-moda-decoracion-y-artesania","status":"publish","type":"post","link":"https:\/\/blogs.diariosur.es\/-que-le-compro-\/2013\/04\/05\/puerto-marina-market-mercadillo-en-benalmadena-de-moda-decoracion-y-artesania\/","title":{"rendered":"Llega Puerto Marina Market: moda, decoraci\u00f3n y artesan\u00eda en el coraz\u00f3n de Benalm\u00e1dena"},"content":{"rendered":"<p><img loading=\"lazy\" class=\"size-full wp-image-1852 aligncenter\" title=\"Puerto Marina Market se estrena este s\u00e1bado, 6 de abril\" src=\"\/-que-le-compro-\/wp-content\/uploads\/sites\/19\/2013\/04\/puerto-marina1.jpg\" alt=\"Puerto Marina Market se estrena este s\u00e1bado, 6 de abril\" width=\"500\" height=\"361\" srcset=\"https:\/\/static-blogs.diariosur.es\/wp-content\/uploads\/sites\/19\/2013\/04\/puerto-marina1.jpg 500w, https:\/\/static-blogs.diariosur.es\/wp-content\/uploads\/sites\/19\/2013\/04\/puerto-marina1-300x217.jpg 300w\" sizes=\"(max-width: 500px) 100vw, 500px\" \/><\/p>\n<p>&nbsp;<\/p>\n<p><span style=\"color: #333399;\">El Puerto Deportivo de Benalm\u00e1dena ofrece desde este s\u00e1bado, d\u00eda 6, una opci\u00f3n m\u00e1s para disfrutar del tiempo libre. Arranca <strong>Puerto Marina Market<\/strong>, un nuevo mercadillo que se celebrar\u00e1 en adelante el primer s\u00e1bado de cada mes y en el que se podr\u00e1n encontrar art\u00edculos de moda, complementos, decoraci\u00f3n y gourmet, entre otros.<\/span><\/p>\n<p><span style=\"color: #333399;\">Este espacio es fruto del trabajo de la emprendedora <strong> Vanessa Cotter,<\/strong> que en colaboraci\u00f3n con el Puerto deportivo de Benalm\u00e1dena ponen en marcha este proyecto, en el que habr\u00e1 \u00a0en cada edici\u00f3n una media de 60 stands.<\/span><\/p>\n<p><span style=\"color: #333399;\">La cita es de <span style=\"text-decoration: underline;\"><span style=\"font-size: medium;\">11:00 a 16:00 horas al final de calle Fragata<\/span><\/span>, \u00a0en el primer parking privado del recinto y los interesados en participar en este mercadillo pueden solicitar <a href=\"mailto:vanessa@cottercomunicacion.es\"><span style=\"color: #333399;\"><strong>m\u00e1s informaci\u00f3n enviando un correo electr\u00f3nico aqu\u00ed<\/strong>.<\/span><\/a><\/span><\/p>\n<p><script type=\"text\/javascript\">var addthis_config = {\"data_track_clickback\":true,\"data_track_addressbar\":false,\"data_track_textcopy\":false,\"ui_atversion\":\"300\"}; var addthis_product = 'wpp-3.0.2';<\/script><script type=\"text\/javascript\" src=\"\/\/s7.addthis.com\/js\/300\/addthis_widget.js#pubid=ra-50fc27702fb34fca\"><\/script><\/p>\n<p><span style=\"color: #333399;\">Este es el <strong>listado de los participantes<\/strong> en esta primera edici\u00f3n:<br \/>\n<\/span><br \/>\n<span style=\"color: #333399;\"> Rosa Eugenia Montoya<\/span><br \/>\n<span style=\"color: #333399;\"> P\u00farpura<\/span><br \/>\n<span style=\"color: #333399;\"> M&#038;T<\/span><br \/>\n<span style=\"color: #333399;\"> Alejandra G\u00e1lvez<\/span><br \/>\n<span style=\"color: #333399;\"> Samer<\/span><br \/>\n<span style=\"color: #333399;\"> Quinoa<\/span><br \/>\n<span style=\"color: #333399;\"> Pape\u00b4s Camisetas<\/span><br \/>\n<span style=\"color: #333399;\"> Juan Doblas<\/span><br \/>\n<span style=\"color: #333399;\"> Secar<\/span><br \/>\n<span style=\"color: #333399;\"> Loreto<\/span><br \/>\n<span style=\"color: #333399;\"> Miguel Morcillo<\/span><br \/>\n<span style=\"color: #333399;\"> Bichitos<\/span><br \/>\n<span style=\"color: #333399;\"> Fidelia<\/span><br \/>\n<span style=\"color: #333399;\"> Jos\u00e9 de la Torre<\/span><br \/>\n<span style=\"color: #333399;\"> Hermanos Lordi<\/span><br \/>\n<span style=\"color: #333399;\"> Marta Castellanos<\/span><br \/>\n<span style=\"color: #333399;\"> Reyes Fern\u00e1ndez<\/span><br \/>\n<span style=\"color: #333399;\"> Roc\u00edo D\u00edaz<\/span><br \/>\n<span style=\"color: #333399;\"> Giselle<\/span><br \/>\n<span style=\"color: #333399;\"> Artesan\u00eda Puche<\/span><br \/>\n<span style=\"color: #333399;\"> Magnolia<\/span><br \/>\n<span style=\"color: #333399;\"> Termomix<\/span><br \/>\n<span style=\"color: #333399;\"> Carmen Arraig\u00f3n<\/span><br \/>\n<span style=\"color: #333399;\"> L\u00e1cteos Navarro<\/span><br \/>\n<span style=\"color: #333399;\"> Mara Villaespesa<\/span><br \/>\n<span style=\"color: #333399;\"> El colmao<\/span><br \/>\n<span style=\"color: #333399;\"> Sweet Daisy<\/span><br \/>\n<span style=\"color: #333399;\"> Kenrod<\/span><br \/>\n<span style=\"color: #333399;\"> Holiday<\/span><br \/>\n<span style=\"color: #333399;\"> Nobella<\/span><br \/>\n<span style=\"color: #333399;\"> Kirola<\/span><br \/>\n<span style=\"color: #333399;\"> Antonio Espejel<\/span><br \/>\n<span style=\"color: #333399;\"> Coconuit<\/span><br \/>\n<span style=\"color: #333399;\"> Delicatessen Velasco<\/span><br \/>\n<span style=\"color: #333399;\"> Isyclaire<\/span><br \/>\n<span style=\"color: #333399;\"> Joseph<\/span><br \/>\n<span style=\"color: #333399;\"> Begomuca<\/span><br \/>\n<span style=\"color: #333399;\"> Stand de mascotas<\/span><br \/>\n<span style=\"color: #333399;\"> Vitorino<\/span><br \/>\n<span style=\"color: #333399;\"> Juan Antonio L\u00f3pez<\/span><br \/>\n<span style=\"color: #333399;\"> Luisa S\u00e1nchez<\/span><br \/>\n<span style=\"color: #333399;\"> Auxi Almagro<\/span><br \/>\n<span style=\"color: #333399;\"> Gabriel Navarro<\/span><br \/>\n<span style=\"color: #333399;\"> Graciela M\u00e1rmol<\/span><br \/>\n<span style=\"color: #333399;\"> Moner\u00edas<\/span><br \/>\n<span style=\"color: #333399;\"> Gabi<\/span><br \/>\n<span style=\"color: #333399;\"> Arancha<\/span><br \/>\n<span style=\"color: #333399;\"> Juan Aspillaga<\/span><br \/>\n<span style=\"color: #333399;\"> Ca\u00f1a de az\u00facar<\/span><\/p>\n<p><span style=\"color: #333399;\">Por cierto, si lloviera el mercadillo se pasar\u00eda al s\u00e1bado siguiente, el d\u00eda 13. Esperemos que no sea necesario este cambio: \u00a1bienvenidos y suerte!<\/span><\/p>\n","protected":false},"excerpt":{"rendered":"<p>&nbsp; El Puerto Deportivo de Benalm\u00e1dena ofrece desde este s\u00e1bado, d\u00eda 6, una opci\u00f3n m\u00e1s para disfrutar del tiempo libre. Arranca Puerto Marina Market, un nuevo mercadillo que se celebrar\u00e1 en adelante el primer s\u00e1bado de cada mes y en el que se podr\u00e1n encontrar art\u00edculos de moda, complementos, decoraci\u00f3n y gourmet, entre otros. Este [&hellip;]<\/p>\n","protected":false},"author":24,"featured_media":0,"comment_status":"open","ping_status":"closed","sticky":false,"template":"","format":"standard","meta":[],"categories":[3,4],"tags":[1239,2236,3063,3066,3837],"_links":{"self":[{"href":"https:\/\/blogs.diariosur.es\/-que-le-compro-\/wp-json\/wp\/v2\/posts\/1846"}],"collection":[{"href":"https:\/\/blogs.diariosur.es\/-que-le-compro-\/wp-json\/wp\/v2\/posts"}],"about":[{"href":"https:\/\/blogs.diariosur.es\/-que-le-compro-\/wp-json\/wp\/v2\/types\/post"}],"author":[{"embeddable":true,"href":"https:\/\/blogs.diariosur.es\/-que-le-compro-\/wp-json\/wp\/v2\/users\/24"}],"replies":[{"embeddable":true,"href":"https:\/\/blogs.diariosur.es\/-que-le-compro-\/wp-json\/wp\/v2\/comments?post=1846"}],"version-history":[{"count":0,"href":"https:\/\/blogs.diariosur.es\/-que-le-compro-\/wp-json\/wp\/v2\/posts\/1846\/revisions"}],"wp:attachment":[{"href":"https:\/\/blogs.diariosur.es\/-que-le-compro-\/wp-json\/wp\/v2\/media?parent=1846"}],"wp:term":[{"taxonomy":"category","embeddable":true,"href":"https:\/\/blogs.diariosur.es\/-que-le-compro-\/wp-json\/wp\/v2\/categories?post=1846"},{"taxonomy":"post_tag","embeddable":true,"href":"https:\/\/blogs.diariosur.es\/-que-le-compro-\/wp-json\/wp\/v2\/tags?post=1846"}],"curies":[{"name":"wp","href":"https:\/\/api.w.org\/{rel}","templated":true}]}}