{"id":1853,"date":"2013-04-06T22:41:04","date_gmt":"2013-04-06T20:41:04","guid":{"rendered":"http:\/\/blogs.diariosur.es\/-que-le-compro-\/?p=1853"},"modified":"2013-04-06T22:41:04","modified_gmt":"2013-04-06T20:41:04","slug":"mercadillo-banos-del-carmen-con-cuentacuentos-y-novedades","status":"publish","type":"post","link":"https:\/\/blogs.diariosur.es\/-que-le-compro-\/2013\/04\/06\/mercadillo-banos-del-carmen-con-cuentacuentos-y-novedades\/","title":{"rendered":"Mercadillo Ba\u00f1os del Carmen, con cuentacuentos y novedades"},"content":{"rendered":"<p><a href=\"\/-que-le-compro-\/wp-content\/uploads\/sites\/19\/2013\/04\/mercadillo-domingo.jpg\"><img loading=\"lazy\" class=\"aligncenter size-full wp-image-1854\" title=\"Cartel del mercadillo BC del domingo 7 de abril\" src=\"\/-que-le-compro-\/wp-content\/uploads\/sites\/19\/2013\/04\/mercadillo-domingo.jpg\" alt=\"Cartel del mercadillo BC del domingo 7 de abril\" width=\"450\" height=\"325\" srcset=\"https:\/\/static-blogs.diariosur.es\/wp-content\/uploads\/sites\/19\/2013\/04\/mercadillo-domingo.jpg 450w, https:\/\/static-blogs.diariosur.es\/wp-content\/uploads\/sites\/19\/2013\/04\/mercadillo-domingo-300x217.jpg 300w\" sizes=\"(max-width: 450px) 100vw, 450px\" \/><\/a><\/p>\n<p><span style=\"color: #333399;\">El mercadillo Ba\u00f1os del Carmen llega este domingo con varias novedades para su edici\u00f3n de abril. Para empezar, no hay m\u00e1s que ver el original cartel que han elaborado (lo ten\u00e9is sobre estas l\u00edneas). Pero ya que es domingo, el d\u00eda de estar en familia por excelencia, tambi\u00e9n se ha pensado en los m\u00e1s peque\u00f1os. As\u00ed que para que los ni\u00f1os no se aburran mientras sus padres curiosean entre los puestos, a partir de las 12 de la ma\u00f1ana habr\u00e1 un cuentacuentos en &#8216;La Casita&#8217;, que correr\u00e1 a cargo de Olga Nasdrovia.\u00a0<\/span><\/p>\n<p>&nbsp;<\/p>\n<p><a href=\"\/-que-le-compro-\/wp-content\/uploads\/sites\/19\/2013\/04\/cuentacuentos-mercadillo.jpg\"><img loading=\"lazy\" class=\"aligncenter size-full wp-image-1855\" title=\"Cuentacuentos en el mercadillo Ba\u00f1os del Carmen\" src=\"\/-que-le-compro-\/wp-content\/uploads\/sites\/19\/2013\/04\/cuentacuentos-mercadillo.jpg\" alt=\"Cuentacuentos en el mercadillo Ba\u00f1os del Carmen\" width=\"450\" height=\"450\" srcset=\"https:\/\/static-blogs.diariosur.es\/wp-content\/uploads\/sites\/19\/2013\/04\/cuentacuentos-mercadillo.jpg 450w, https:\/\/static-blogs.diariosur.es\/wp-content\/uploads\/sites\/19\/2013\/04\/cuentacuentos-mercadillo-150x150.jpg 150w, https:\/\/static-blogs.diariosur.es\/wp-content\/uploads\/sites\/19\/2013\/04\/cuentacuentos-mercadillo-300x300.jpg 300w\" sizes=\"(max-width: 450px) 100vw, 450px\" \/><\/a><\/p>\n<p><span style=\"color: #333399;\">En esta edici\u00f3n se reunir\u00e1n ni m\u00e1s ni menos que 140 expositores que ofrecer\u00e1n, como ya sab\u00e9is, art\u00edculos de moda, complementos, decoraci\u00f3n, artesan\u00eda o alimentaci\u00f3n. Adem\u00e1s, se podr\u00e1 colaborar tambi\u00e9n con las asociaciones de los \u00c1ngeles Malague\u00f1os de la Noche, \u00a0Galgos 112 y GEA, que contar\u00e1n tambi\u00e9n con un stand para todos los que quieran hacer su aportaci\u00f3n.<\/span><\/p>\n<p><script type=\"text\/javascript\">var addthis_config = {\"data_track_clickback\":true,\"data_track_addressbar\":false,\"data_track_textcopy\":false,\"ui_atversion\":\"300\"}; var addthis_product = 'wpp-3.0.2';<\/script><script type=\"text\/javascript\" src=\"\/\/s7.addthis.com\/js\/300\/addthis_widget.js#pubid=ra-50fc27702fb34fca\"><\/script><\/p>\n<p><span style=\"color: #333399;\">Todo esto, como siempre, de diez de la ma\u00f1ana a tres de la tarde en el Paseo Mar\u00edtimo de El Palo, donde esperemos que no llueva. \u00a1Buen domingo de compras!<\/span><\/p>\n","protected":false},"excerpt":{"rendered":"<p>El mercadillo Ba\u00f1os del Carmen llega este domingo con varias novedades para su edici\u00f3n de abril. Para empezar, no hay m\u00e1s que ver el original cartel que han elaborado (lo ten\u00e9is sobre estas l\u00edneas). Pero ya que es domingo, el d\u00eda de estar en familia por excelencia, tambi\u00e9n se ha pensado en los m\u00e1s peque\u00f1os. [&hellip;]<\/p>\n","protected":false},"author":24,"featured_media":0,"comment_status":"open","ping_status":"closed","sticky":false,"template":"","format":"standard","meta":[],"categories":[6],"tags":[191,405,448,975,1518,1537,2181,2729],"_links":{"self":[{"href":"https:\/\/blogs.diariosur.es\/-que-le-compro-\/wp-json\/wp\/v2\/posts\/1853"}],"collection":[{"href":"https:\/\/blogs.diariosur.es\/-que-le-compro-\/wp-json\/wp\/v2\/posts"}],"about":[{"href":"https:\/\/blogs.diariosur.es\/-que-le-compro-\/wp-json\/wp\/v2\/types\/post"}],"author":[{"embeddable":true,"href":"https:\/\/blogs.diariosur.es\/-que-le-compro-\/wp-json\/wp\/v2\/users\/24"}],"replies":[{"embeddable":true,"href":"https:\/\/blogs.diariosur.es\/-que-le-compro-\/wp-json\/wp\/v2\/comments?post=1853"}],"version-history":[{"count":0,"href":"https:\/\/blogs.diariosur.es\/-que-le-compro-\/wp-json\/wp\/v2\/posts\/1853\/revisions"}],"wp:attachment":[{"href":"https:\/\/blogs.diariosur.es\/-que-le-compro-\/wp-json\/wp\/v2\/media?parent=1853"}],"wp:term":[{"taxonomy":"category","embeddable":true,"href":"https:\/\/blogs.diariosur.es\/-que-le-compro-\/wp-json\/wp\/v2\/categories?post=1853"},{"taxonomy":"post_tag","embeddable":true,"href":"https:\/\/blogs.diariosur.es\/-que-le-compro-\/wp-json\/wp\/v2\/tags?post=1853"}],"curies":[{"name":"wp","href":"https:\/\/api.w.org\/{rel}","templated":true}]}}