{"id":1857,"date":"2013-04-08T16:44:10","date_gmt":"2013-04-08T14:44:10","guid":{"rendered":"http:\/\/blogs.diariosur.es\/-que-le-compro-\/?p=1857"},"modified":"2013-04-08T16:44:10","modified_gmt":"2013-04-08T14:44:10","slug":"fotos-del-estreno-de-puerto-marina-market","status":"publish","type":"post","link":"https:\/\/blogs.diariosur.es\/-que-le-compro-\/2013\/04\/08\/fotos-del-estreno-de-puerto-marina-market\/","title":{"rendered":"Fotos del estreno de Puerto Marina Market"},"content":{"rendered":"<p>&nbsp;<\/p>\n<p><span style=\"color: #333399;\">El tiempo acompa\u00f1\u00f3 y todo sali\u00f3 como estaba previsto afortunadamente, as\u00ed que el <strong>Puerto Marina Market<\/strong> pudo disfrutar de un estreno por todo lo alto. Para los que no os hay\u00e1is enterado, que sep\u00e1is que a partir de ahora el primer s\u00e1bado de cada mes el puerto deportivo de <a href=\"https:\/\/blogs.diariosur.es\/-que-le-compro-\/2013\/04\/05\/puerto-marina-market-mercadillo-en-benalmadena-de-moda-decoracion-y-artesania\/\">Benalm\u00e1dena va a acoger este mercadillo<\/a>, en el que podr\u00e9is encontrar mucha moda, complementos, art\u00edculos de decoraci\u00f3n y tambi\u00e9n de gourmet.<\/span><\/p>\n<p><span style=\"color: #333399;\">Aqu\u00ed ten\u00e9is algunas fotos para que os hag\u00e1is una idea de lo bien que arranc\u00f3 la iniciativa<\/span><span style=\"color: #333399;\">:\u00a0<\/span><\/p>\n<p>&nbsp;<\/p>\n<p><img loading=\"lazy\" class=\"aligncenter size-full wp-image-1865\" title=\"I Puerto Marina Market\" src=\"\/-que-le-compro-\/wp-content\/uploads\/sites\/19\/2013\/04\/p-marina3-ok1.jpg\" alt=\"I Puerto Marina Market\" width=\"450\" height=\"499\" srcset=\"https:\/\/static-blogs.diariosur.es\/wp-content\/uploads\/sites\/19\/2013\/04\/p-marina3-ok1.jpg 450w, https:\/\/static-blogs.diariosur.es\/wp-content\/uploads\/sites\/19\/2013\/04\/p-marina3-ok1-271x300.jpg 271w\" sizes=\"(max-width: 450px) 100vw, 450px\" \/><\/p>\n<p><img loading=\"lazy\" class=\"aligncenter size-full wp-image-1868\" title=\"I Mercadillo Puerto Marina Market\" src=\"\/-que-le-compro-\/wp-content\/uploads\/sites\/19\/2013\/04\/pmarina-2-ok1.jpg\" alt=\"I Mercadillo Puerto Marina Market\" width=\"450\" height=\"600\" srcset=\"https:\/\/static-blogs.diariosur.es\/wp-content\/uploads\/sites\/19\/2013\/04\/pmarina-2-ok1.jpg 450w, https:\/\/static-blogs.diariosur.es\/wp-content\/uploads\/sites\/19\/2013\/04\/pmarina-2-ok1-225x300.jpg 225w\" sizes=\"(max-width: 450px) 100vw, 450px\" \/><\/p>\n<p>&nbsp;<\/p>\n<p><img loading=\"lazy\" class=\"aligncenter size-full wp-image-1869\" title=\"I Mercadillo Puerto Marina Market\" src=\"\/-que-le-compro-\/wp-content\/uploads\/sites\/19\/2013\/04\/pmarina-nobella-ok1.jpg\" alt=\"I Mercadillo Puerto Marina Market\" width=\"500\" height=\"375\" srcset=\"https:\/\/static-blogs.diariosur.es\/wp-content\/uploads\/sites\/19\/2013\/04\/pmarina-nobella-ok1.jpg 500w, https:\/\/static-blogs.diariosur.es\/wp-content\/uploads\/sites\/19\/2013\/04\/pmarina-nobella-ok1-300x225.jpg 300w\" sizes=\"(max-width: 500px) 100vw, 500px\" \/><\/p>\n<p><img loading=\"lazy\" class=\"aligncenter size-full wp-image-1867\" title=\"I Mercadillo Puerto Marina Market\" src=\"\/-que-le-compro-\/wp-content\/uploads\/sites\/19\/2013\/04\/p-marina5-ok2.jpg\" alt=\"I Mercadillo Puerto Marina Market\" width=\"600\" height=\"450\" srcset=\"https:\/\/static-blogs.diariosur.es\/wp-content\/uploads\/sites\/19\/2013\/04\/p-marina5-ok2.jpg 600w, https:\/\/static-blogs.diariosur.es\/wp-content\/uploads\/sites\/19\/2013\/04\/p-marina5-ok2-300x225.jpg 300w\" sizes=\"(max-width: 600px) 100vw, 600px\" \/><\/p>\n<p><script type=\"text\/javascript\">var addthis_config = {\"data_track_clickback\":true,\"data_track_addressbar\":false,\"data_track_textcopy\":false,\"ui_atversion\":\"300\"}; var addthis_product = 'wpp-3.0.2';<\/script><script type=\"text\/javascript\" src=\"\/\/s7.addthis.com\/js\/300\/addthis_widget.js#pubid=ra-50fc27702fb34fca\"><\/script><\/p>\n<p><img loading=\"lazy\" class=\"aligncenter size-full wp-image-1866\" title=\"I Mercadillo Puerto Marina Market\" src=\"\/-que-le-compro-\/wp-content\/uploads\/sites\/19\/2013\/04\/p-marina4.ok_1.jpg\" alt=\"I Mercadillo Puerto Marina Market\" width=\"500\" height=\"382\" srcset=\"https:\/\/static-blogs.diariosur.es\/wp-content\/uploads\/sites\/19\/2013\/04\/p-marina4.ok_1.jpg 500w, https:\/\/static-blogs.diariosur.es\/wp-content\/uploads\/sites\/19\/2013\/04\/p-marina4.ok_1-300x229.jpg 300w\" sizes=\"(max-width: 500px) 100vw, 500px\" \/><\/a><\/p>\n","protected":false},"excerpt":{"rendered":"<p>&nbsp; El tiempo acompa\u00f1\u00f3 y todo sali\u00f3 como estaba previsto afortunadamente, as\u00ed que el Puerto Marina Market pudo disfrutar de un estreno por todo lo alto. Para los que no os hay\u00e1is enterado, que sep\u00e1is que a partir de ahora el primer s\u00e1bado de cada mes el puerto deportivo de Benalm\u00e1dena va a acoger este [&hellip;]<\/p>\n","protected":false},"author":24,"featured_media":0,"comment_status":"open","ping_status":"closed","sticky":false,"template":"","format":"standard","meta":[],"categories":[3,4],"tags":[852,2274,3066,3837],"_links":{"self":[{"href":"https:\/\/blogs.diariosur.es\/-que-le-compro-\/wp-json\/wp\/v2\/posts\/1857"}],"collection":[{"href":"https:\/\/blogs.diariosur.es\/-que-le-compro-\/wp-json\/wp\/v2\/posts"}],"about":[{"href":"https:\/\/blogs.diariosur.es\/-que-le-compro-\/wp-json\/wp\/v2\/types\/post"}],"author":[{"embeddable":true,"href":"https:\/\/blogs.diariosur.es\/-que-le-compro-\/wp-json\/wp\/v2\/users\/24"}],"replies":[{"embeddable":true,"href":"https:\/\/blogs.diariosur.es\/-que-le-compro-\/wp-json\/wp\/v2\/comments?post=1857"}],"version-history":[{"count":0,"href":"https:\/\/blogs.diariosur.es\/-que-le-compro-\/wp-json\/wp\/v2\/posts\/1857\/revisions"}],"wp:attachment":[{"href":"https:\/\/blogs.diariosur.es\/-que-le-compro-\/wp-json\/wp\/v2\/media?parent=1857"}],"wp:term":[{"taxonomy":"category","embeddable":true,"href":"https:\/\/blogs.diariosur.es\/-que-le-compro-\/wp-json\/wp\/v2\/categories?post=1857"},{"taxonomy":"post_tag","embeddable":true,"href":"https:\/\/blogs.diariosur.es\/-que-le-compro-\/wp-json\/wp\/v2\/tags?post=1857"}],"curies":[{"name":"wp","href":"https:\/\/api.w.org\/{rel}","templated":true}]}}