{"id":1870,"date":"2013-04-09T08:47:11","date_gmt":"2013-04-09T06:47:11","guid":{"rendered":"http:\/\/blogs.diariosur.es\/-que-le-compro-\/?p=1870"},"modified":"2013-04-09T08:47:11","modified_gmt":"2013-04-09T06:47:11","slug":"mercadillo-solidario-de-armani-en-marbella-por-la-fundacion-cesare-scariolo","status":"publish","type":"post","link":"https:\/\/blogs.diariosur.es\/-que-le-compro-\/2013\/04\/09\/mercadillo-solidario-de-armani-en-marbella-por-la-fundacion-cesare-scariolo\/","title":{"rendered":"Mercadillo solidario de Armani por la Fundaci\u00f3n Cesare Scariolo"},"content":{"rendered":"<p><img loading=\"lazy\" class=\"size-full wp-image-1872 aligncenter\" title=\"Mercadillo solidario, del martes 9 al s\u00e1bado 13 en Marbella\" src=\"\/-que-le-compro-\/wp-content\/uploads\/sites\/19\/2013\/04\/mercadillo-fcs.jpg\" alt=\"Mercadillo solidario, del martes 9 al s\u00e1bado 13 en Marbella\" width=\"560\" height=\"397\" srcset=\"https:\/\/static-blogs.diariosur.es\/wp-content\/uploads\/sites\/19\/2013\/04\/mercadillo-fcs.jpg 560w, https:\/\/static-blogs.diariosur.es\/wp-content\/uploads\/sites\/19\/2013\/04\/mercadillo-fcs-300x213.jpg 300w\" sizes=\"(max-width: 560px) 100vw, 560px\" \/><\/p>\n<p><span style=\"color: #000080;\">Apuntaos este mercadillo en vuestra agenda, porque la ocasi\u00f3n lo merece: pod\u00e9is comprar ropa Armani a unos precios excepcionales y adem\u00e1s colaborar con una buena causa. Desde <span style=\"text-decoration: underline;\">este martes, y hasta el s\u00e1bado, 13<\/span> de abril, la <strong>Fundaci\u00f3n Cesare Scariolo (FCS)<\/strong> organiza un mercadillo solidario en <strong>Marbella<\/strong> con la ropa cedida por el grupo Armani.<\/span><\/p>\n<p><span style=\"color: #000080;\">Estar\u00e1 ubicado en la avenida Ricardo Soriano 49, local 2, y all\u00ed habr\u00e1 oportunidad de adquirir prendas de esta marca \u00a1\u00a1por menos de 35 euros!! As\u00ed, anuncian que se pueden encontrar vestidos y faldas por 25\u20ac; pantalones vaqueros, por 20\u20ac o chaquetas por 25, entre otras gangas.<\/span><\/p>\n<p><span style=\"color: #000080;\">El horario de venta al p\u00fablico ser\u00e1 de 10:00 a 14:00 horas y de 17:00 a 20:00 horas, de martes a viernes, y de 10:00 a 14:00 horas el s\u00e1bado.<\/span><\/p>\n<p><span style=\"color: #000080;\">Todo el dinero que se recaude con esta iniciativa ir\u00e1 destinado, \u00edntegramente, a la labor social que la FCS desarrolla con los ni\u00f1os en tratamiento oncol\u00f3gico y sus familias en la provincia de M\u00e1laga.<\/span><\/p>\n<p><script type=\"text\/javascript\">var addthis_config = {\"data_track_clickback\":true,\"data_track_addressbar\":false,\"data_track_textcopy\":false,\"ui_atversion\":\"300\"}; var addthis_product = 'wpp-3.0.2';<\/script><script type=\"text\/javascript\" src=\"\/\/s7.addthis.com\/js\/300\/addthis_widget.js#pubid=ra-50fc27702fb34fca\"><\/script><\/p>\n<p><span style=\"color: #000080;\">\u00a1Animaos a visitarlo, que es por una gran causa!<\/span><\/p>\n","protected":false},"excerpt":{"rendered":"<p>Apuntaos este mercadillo en vuestra agenda, porque la ocasi\u00f3n lo merece: pod\u00e9is comprar ropa Armani a unos precios excepcionales y adem\u00e1s colaborar con una buena causa. Desde este martes, y hasta el s\u00e1bado, 13 de abril, la Fundaci\u00f3n Cesare Scariolo (FCS) organiza un mercadillo solidario en Marbella con la ropa cedida por el grupo Armani. [&hellip;]<\/p>\n","protected":false},"author":24,"featured_media":0,"comment_status":"open","ping_status":"closed","sticky":false,"template":"","format":"standard","meta":[],"categories":[3,4],"tags":[1358,1497,1579,2320,3352],"_links":{"self":[{"href":"https:\/\/blogs.diariosur.es\/-que-le-compro-\/wp-json\/wp\/v2\/posts\/1870"}],"collection":[{"href":"https:\/\/blogs.diariosur.es\/-que-le-compro-\/wp-json\/wp\/v2\/posts"}],"about":[{"href":"https:\/\/blogs.diariosur.es\/-que-le-compro-\/wp-json\/wp\/v2\/types\/post"}],"author":[{"embeddable":true,"href":"https:\/\/blogs.diariosur.es\/-que-le-compro-\/wp-json\/wp\/v2\/users\/24"}],"replies":[{"embeddable":true,"href":"https:\/\/blogs.diariosur.es\/-que-le-compro-\/wp-json\/wp\/v2\/comments?post=1870"}],"version-history":[{"count":0,"href":"https:\/\/blogs.diariosur.es\/-que-le-compro-\/wp-json\/wp\/v2\/posts\/1870\/revisions"}],"wp:attachment":[{"href":"https:\/\/blogs.diariosur.es\/-que-le-compro-\/wp-json\/wp\/v2\/media?parent=1870"}],"wp:term":[{"taxonomy":"category","embeddable":true,"href":"https:\/\/blogs.diariosur.es\/-que-le-compro-\/wp-json\/wp\/v2\/categories?post=1870"},{"taxonomy":"post_tag","embeddable":true,"href":"https:\/\/blogs.diariosur.es\/-que-le-compro-\/wp-json\/wp\/v2\/tags?post=1870"}],"curies":[{"name":"wp","href":"https:\/\/api.w.org\/{rel}","templated":true}]}}