{"id":1875,"date":"2013-04-10T14:49:25","date_gmt":"2013-04-10T12:49:25","guid":{"rendered":"http:\/\/blogs.diariosur.es\/-que-le-compro-\/?p=1875"},"modified":"2013-04-10T14:49:25","modified_gmt":"2013-04-10T12:49:25","slug":"mercadillo-de-segunda-mano-de-la-habitacion-de-kate-en-el-molina-lario","status":"publish","type":"post","link":"https:\/\/blogs.diariosur.es\/-que-le-compro-\/2013\/04\/10\/mercadillo-de-segunda-mano-de-la-habitacion-de-kate-en-el-molina-lario\/","title":{"rendered":"Mercadillo de segunda mano de La habitaci\u00f3n de Kate en el Molina Lario"},"content":{"rendered":"<p><span style=\"color: #333399;\">Es el mismo mercadillo de siempre pero en un sitio con mejores vistas y m\u00e1s espacioso. La habitaci\u00f3n de Kate pone en marcha este jueves, 11 de abril, una nueva edici\u00f3n de su mercadillo de segunda mano &#8216;Contigo pan y cebolla&#8217;. Pero, a diferencia de otras ocasiones, no ser\u00e1 en su local de la calle M\u00e1rtires sino en la terraza del hotel Molina Lario&#8230; Tambi\u00e9n en el Centro pero junto a una piscina, al aire libre, que para eso estamos en primavera, y con unas vistas privilegiadas \u00a0de M\u00e1laga.<\/span><\/p>\n<p><span style=\"font-size: 13px; line-height: 19px; color: #333399;\">La cita es de 19 a 22 horas y ya sab\u00e9is, ropa y complementos a precios muy asequibles junto a otros art\u00edculos de La \u00a0habitaci\u00f3n de Kate a mita de su coste habitual \u00bfos anim\u00e1is?\u00a0<\/span><\/p>\n<p><script type=\"text\/javascript\">var addthis_config = {\"data_track_clickback\":true,\"data_track_addressbar\":false,\"data_track_textcopy\":false,\"ui_atversion\":\"300\"}; var addthis_product = 'wpp-3.0.2';<\/script><script type=\"text\/javascript\" src=\"\/\/s7.addthis.com\/js\/300\/addthis_widget.js#pubid=ra-50fc27702fb34fca\"><\/script><\/p>\n<p><img loading=\"lazy\" class=\"size-full wp-image-1876 aligncenter\" title=\"Mercadillo 'Contigo pan y cebolla', 11 de abril\" src=\"\/-que-le-compro-\/wp-content\/uploads\/sites\/19\/2013\/04\/kate-mercadillo.jpg\" alt=\"Mercadillo 'Contigo pan y cebolla', 11 de abril\" width=\"450\" height=\"550\" srcset=\"https:\/\/static-blogs.diariosur.es\/wp-content\/uploads\/sites\/19\/2013\/04\/kate-mercadillo.jpg 450w, https:\/\/static-blogs.diariosur.es\/wp-content\/uploads\/sites\/19\/2013\/04\/kate-mercadillo-245x300.jpg 245w\" sizes=\"(max-width: 450px) 100vw, 450px\" \/><\/p>\n","protected":false},"excerpt":{"rendered":"<p>Es el mismo mercadillo de siempre pero en un sitio con mejores vistas y m\u00e1s espacioso. La habitaci\u00f3n de Kate pone en marcha este jueves, 11 de abril, una nueva edici\u00f3n de su mercadillo de segunda mano &#8216;Contigo pan y cebolla&#8217;. Pero, a diferencia de otras ocasiones, no ser\u00e1 en su local de la calle [&hellip;]<\/p>\n","protected":false},"author":24,"featured_media":0,"comment_status":"open","ping_status":"closed","sticky":false,"template":"","format":"standard","meta":[],"categories":[4],"tags":[1651,1878,2191,2215,2936,3269],"_links":{"self":[{"href":"https:\/\/blogs.diariosur.es\/-que-le-compro-\/wp-json\/wp\/v2\/posts\/1875"}],"collection":[{"href":"https:\/\/blogs.diariosur.es\/-que-le-compro-\/wp-json\/wp\/v2\/posts"}],"about":[{"href":"https:\/\/blogs.diariosur.es\/-que-le-compro-\/wp-json\/wp\/v2\/types\/post"}],"author":[{"embeddable":true,"href":"https:\/\/blogs.diariosur.es\/-que-le-compro-\/wp-json\/wp\/v2\/users\/24"}],"replies":[{"embeddable":true,"href":"https:\/\/blogs.diariosur.es\/-que-le-compro-\/wp-json\/wp\/v2\/comments?post=1875"}],"version-history":[{"count":0,"href":"https:\/\/blogs.diariosur.es\/-que-le-compro-\/wp-json\/wp\/v2\/posts\/1875\/revisions"}],"wp:attachment":[{"href":"https:\/\/blogs.diariosur.es\/-que-le-compro-\/wp-json\/wp\/v2\/media?parent=1875"}],"wp:term":[{"taxonomy":"category","embeddable":true,"href":"https:\/\/blogs.diariosur.es\/-que-le-compro-\/wp-json\/wp\/v2\/categories?post=1875"},{"taxonomy":"post_tag","embeddable":true,"href":"https:\/\/blogs.diariosur.es\/-que-le-compro-\/wp-json\/wp\/v2\/tags?post=1875"}],"curies":[{"name":"wp","href":"https:\/\/api.w.org\/{rel}","templated":true}]}}