{"id":1879,"date":"2013-04-12T11:49:51","date_gmt":"2013-04-12T09:49:51","guid":{"rendered":"http:\/\/blogs.diariosur.es\/-que-le-compro-\/?p=1879"},"modified":"2013-04-12T11:49:51","modified_gmt":"2013-04-12T09:49:51","slug":"participantes-en-el-mercadillo-de-la-casa-invisible-13-de-abril","status":"publish","type":"post","link":"https:\/\/blogs.diariosur.es\/-que-le-compro-\/2013\/04\/12\/participantes-en-el-mercadillo-de-la-casa-invisible-13-de-abril\/","title":{"rendered":"Artesan\u00eda y creatividad en el mercadillo de La Casa Invisible, este s\u00e1bado"},"content":{"rendered":"<p><img loading=\"lazy\" class=\"aligncenter size-full wp-image-1880\" title=\"Mercadillo La Casa Invisible, 13 de abril\" src=\"\/-que-le-compro-\/wp-content\/uploads\/sites\/19\/2013\/04\/mercadillo-invisible-blog.jpg\" alt=\"Mercadillo La Casa Invisible, 13 de abril\" width=\"450\" height=\"531\" srcset=\"https:\/\/static-blogs.diariosur.es\/wp-content\/uploads\/sites\/19\/2013\/04\/mercadillo-invisible-blog.jpg 450w, https:\/\/static-blogs.diariosur.es\/wp-content\/uploads\/sites\/19\/2013\/04\/mercadillo-invisible-blog-254x300.jpg 254w\" sizes=\"(max-width: 450px) 100vw, 450px\" \/><\/p>\n<p><span style=\"color: #333399;\">Cuando ya estaba todo preparado, lleg\u00f3 un invitado al que no se le esperaba y trastoc\u00f3 los planes: la lluvia. As\u00ed que el mercadillo de marzo de <strong>La Casa Invisible<\/strong> tuvo que suspenderse y este s\u00e1bado, 13 de abril, vuelve a celebrarse. Esperemos que el tiempo acompa\u00f1e esta vez y que la artesan\u00eda, los complementos handmade y todos los dise\u00f1adores participantes puedan exhibir sus trabajos en esta muestra, <span style=\"font-size: medium;\">abierta de 12 de la ma\u00f1ana a seis de la tarde.\u00a0<\/span><\/span><\/p>\n<p><span style=\"text-decoration: underline; color: #333399;\">Estos son los participantes de esta edici\u00f3n<\/span><\/p>\n<p><span style=\"color: #333399;\"><strong>Accesorios y joyer\u00eda<\/strong><\/span><br \/>\n<span style=\"color: #333399;\">Vanessa Cebrero con cuero y bisuter\u00eda.<\/span><br \/>\n<span style=\"color: #333399;\">Lara Ganfornina, con croch\u00e9 y Kristine Suveizda. Ambas traen joyer\u00eda y accesorios con materiales reciclados.<\/span><br \/>\n<span style=\"color: #333399;\">M\u00aa \u00c1ngeles Vara y collares matrioskas, felpas, fieltro y bisuteria.<\/span><br \/>\n<span style=\"color: #333399;\">Hamanos, con manualidades de diferentes tipos, entre ellos hama beads.<\/span><br \/>\n<span style=\"color: #333399;\">Rub\u00e9n con accesorios en cuero hechos a mano.<\/span><br \/>\n<span style=\"color: #333399;\">Ana Flores nos abre su taller con accesorios y mucho m\u00e1s.<\/span><\/p>\n<p><span style=\"color: #333399;\"><strong>Crochet y costura<\/strong><\/span><br \/>\n<span style=\"color: #333399;\">Miriam D\u00e1vila y Carmen Yuste con crochet todo a mano.<\/span><br \/>\n<span style=\"color: #333399;\">Elisa Arias con la marca Chocolatearte. Fieltro, fimo, costura, etc.<\/span><br \/>\n<span style=\"color: #333399;\">Mar\u00eda Eulogia nos mostrar\u00e1 sus cajas de costura y mucho m\u00e1s.<\/span><\/p>\n<p><span style=\"color: #333399;\"><strong>Fotograf\u00eda<\/strong><\/span><br \/>\n<span style=\"color: #333399;\">Mart\u00edn de Arriba expondr\u00e1 su fotograf\u00eda art\u00edstica.<\/span><\/p>\n<p><span style=\"color: #333399;\"><strong>Cer\u00e1mica<\/strong><\/span><br \/>\n<span style=\"color: #333399;\">Marta nos deleita con su cer\u00e1mica art\u00edstica.<\/span><\/p>\n<p><span style=\"color: #333399;\"><strong>Ilustraci\u00f3n<\/strong><\/span><br \/>\n<span style=\"color: #333399;\">Aintzane Cruceta con su ya conocido estilo pin up.<\/span><\/p>\n<p><span style=\"color: #333399;\"><strong>Complementos y decoraci\u00f3n<\/strong><\/span><br \/>\n<span style=\"color: #333399;\">\u00a0Paloma Rell\u00e1n con camisetas, gorras, fieltro, etc.<\/span><br \/>\n<span style=\"color: #333399;\">El acerico de Raquel tendr\u00e1 bolsos y m\u00e1s accesorios en su mesa.<\/span><br \/>\n<span style=\"color: #333399;\">Celia Gonzalez con artesan\u00eda en madera y camisetas.<\/span><br \/>\n<span style=\"color: #333399;\">Yessenia Campos con sus coloridas bolsas impermeables.<\/span><br \/>\n<span style=\"color: #333399;\">El taller de Jude, de la mano de Susana con patchwork, bolsos, camisetas.<\/span><br \/>\n<span style=\"color: #333399;\">Asociaci\u00f3n Enjipai con broches de fieltro, collares y pulseras de cuero y zamack.<\/span><\/p>\n<p><span style=\"color: #333399;\"><strong>Joyer\u00eda art\u00edstica<\/strong><\/span><br \/>\n<span style=\"color: #333399;\">\u00c1ngel Segarra abre su taller de orfebrer\u00eda y joyer\u00eda realizada a mano.<\/span><br \/>\n<span style=\"color: #333399;\">Reciclaysalva con joyer\u00eda y accesorios reciclando, piezas de ordenador, vinilos y muchos m\u00e1s materiales.<\/span><\/p>\n<p><script type=\"text\/javascript\">var addthis_config = {\"data_track_clickback\":true,\"data_track_addressbar\":false,\"data_track_textcopy\":false,\"ui_atversion\":\"300\"}; var addthis_product = 'wpp-3.0.2';<\/script><script type=\"text\/javascript\" src=\"\/\/s7.addthis.com\/js\/300\/addthis_widget.js#pubid=ra-50fc27702fb34fca\"><\/script><\/p>\n<p><span style=\"color: #333399;\"><span style=\"font-size: medium;\">La cita es, ya sab\u00e9is, en el patio exterior de La Casa Invisible, en pleno Centro de M\u00e1laga (calle Nosquera 11): \u00a1a disfrutar de la creatividad!<\/span><\/span><\/p>\n","protected":false},"excerpt":{"rendered":"<p>Cuando ya estaba todo preparado, lleg\u00f3 un invitado al que no se le esperaba y trastoc\u00f3 los planes: la lluvia. As\u00ed que el mercadillo de marzo de La Casa Invisible tuvo que suspenderse y este s\u00e1bado, 13 de abril, vuelve a celebrarse. Esperemos que el tiempo acompa\u00f1e esta vez y que la artesan\u00eda, los complementos [&hellip;]<\/p>\n","protected":false},"author":24,"featured_media":0,"comment_status":"open","ping_status":"closed","sticky":false,"template":"","format":"standard","meta":[],"categories":[4],"tags":[1130,1608,1858,1859,2281],"_links":{"self":[{"href":"https:\/\/blogs.diariosur.es\/-que-le-compro-\/wp-json\/wp\/v2\/posts\/1879"}],"collection":[{"href":"https:\/\/blogs.diariosur.es\/-que-le-compro-\/wp-json\/wp\/v2\/posts"}],"about":[{"href":"https:\/\/blogs.diariosur.es\/-que-le-compro-\/wp-json\/wp\/v2\/types\/post"}],"author":[{"embeddable":true,"href":"https:\/\/blogs.diariosur.es\/-que-le-compro-\/wp-json\/wp\/v2\/users\/24"}],"replies":[{"embeddable":true,"href":"https:\/\/blogs.diariosur.es\/-que-le-compro-\/wp-json\/wp\/v2\/comments?post=1879"}],"version-history":[{"count":0,"href":"https:\/\/blogs.diariosur.es\/-que-le-compro-\/wp-json\/wp\/v2\/posts\/1879\/revisions"}],"wp:attachment":[{"href":"https:\/\/blogs.diariosur.es\/-que-le-compro-\/wp-json\/wp\/v2\/media?parent=1879"}],"wp:term":[{"taxonomy":"category","embeddable":true,"href":"https:\/\/blogs.diariosur.es\/-que-le-compro-\/wp-json\/wp\/v2\/categories?post=1879"},{"taxonomy":"post_tag","embeddable":true,"href":"https:\/\/blogs.diariosur.es\/-que-le-compro-\/wp-json\/wp\/v2\/tags?post=1879"}],"curies":[{"name":"wp","href":"https:\/\/api.w.org\/{rel}","templated":true}]}}