{"id":1882,"date":"2013-04-11T10:02:03","date_gmt":"2013-04-11T08:02:03","guid":{"rendered":"http:\/\/blogs.diariosur.es\/-que-le-compro-\/?p=1882"},"modified":"2013-04-11T10:02:03","modified_gmt":"2013-04-11T08:02:03","slug":"fin-de-la-celebracion-del-noveno-aniversario-de-parque-miramar","status":"publish","type":"post","link":"https:\/\/blogs.diariosur.es\/-que-le-compro-\/2013\/04\/11\/fin-de-la-celebracion-del-noveno-aniversario-de-parque-miramar\/","title":{"rendered":"Fin de la celebraci\u00f3n del noveno aniversario de Parque Miramar"},"content":{"rendered":"<p><span style=\"color: #333399;\">La fiesta llega a su fin. El centro comercial Parque Miramar (Avenida de la Encarnaci\u00f3n de Fuengirola, en la salida 208 de la A-7) \u00a0cumple nueve a\u00f1os de vida, un aniversario que <a href=\"https:\/\/blogs.diariosur.es\/-que-le-compro-\/2013\/04\/02\/parque-miramar-celebra-su-aniversario-con-actividades-gratis-para-la-familia\/\">comenz\u00f3 a celebrar el pasado fin de semana<\/a> y que continuar\u00e1 este viernes y s\u00e1bado con teatro y un taller infantil de tarjetas. Las a<strong>ctividades son de cinco a ocho de la tarde y, ya sab\u00e9is, gratis.<\/strong><\/span><\/p>\n<p><span style=\"color: #333399; font-size: medium;\"><span style=\"line-height: 19px;\">Este es el programa previsto<\/span><\/span><\/p>\n<p><span style=\"text-decoration: underline; color: #333399;\">Viernes 12 de abril<\/span><\/p>\n<p><span style=\"color: #333399;\">o Taller de Tarjetas pop up. Horario: 17:00-19:00<\/span><br \/>\n<span style=\"color: #333399;\">o Dibujamos tus ilusiones: Horario 17:00-20:00<\/span><\/p>\n<p><span style=\"text-decoration: underline; color: #333399;\">\u00a0S\u00e1bado 13 de abril<\/span><\/p>\n<p><span style=\"color: #333399;\">o Taller de Tarjetas pop up. Horario: 17:00-19:00<\/span><br \/>\n<span style=\"color: #333399;\">o Dibujamos tus ilusiones: Horario 17:00-20:00<\/span><br \/>\n<span style=\"color: #333399;\">o Teatro \u00bc y mitad de piratas- de Adiateatro.\u00a0\u00a0Horario 19:00 &#8211; 20:00<\/span><\/p>\n<p><img loading=\"lazy\" class=\"size-full wp-image-1883\" title=\"Celebraci\u00f3n del 9 aniversario de Parque Miramar\" src=\"\/-que-le-compro-\/wp-content\/uploads\/sites\/19\/2013\/04\/parque-miramar1.jpg\" alt=\"Celebraci\u00f3n del 9 aniversario de Parque Miramar\" width=\"550\" height=\"400\" srcset=\"https:\/\/static-blogs.diariosur.es\/wp-content\/uploads\/sites\/19\/2013\/04\/parque-miramar1.jpg 550w, https:\/\/static-blogs.diariosur.es\/wp-content\/uploads\/sites\/19\/2013\/04\/parque-miramar1-300x218.jpg 300w\" sizes=\"(max-width: 550px) 100vw, 550px\" \/><\/p>\n<p><script type=\"text\/javascript\">var addthis_config = {\"data_track_clickback\":true,\"data_track_addressbar\":false,\"data_track_textcopy\":false,\"ui_atversion\":\"300\"}; var addthis_product = 'wpp-3.0.2';<\/script><script type=\"text\/javascript\" src=\"\/\/s7.addthis.com\/js\/300\/addthis_widget.js#pubid=ra-50fc27702fb34fca\"><\/script><\/p>\n<p>&nbsp;<\/p>\n","protected":false},"excerpt":{"rendered":"<p>La fiesta llega a su fin. El centro comercial Parque Miramar (Avenida de la Encarnaci\u00f3n de Fuengirola, en la salida 208 de la A-7) \u00a0cumple nueve a\u00f1os de vida, un aniversario que comenz\u00f3 a celebrar el pasado fin de semana y que continuar\u00e1 este viernes y s\u00e1bado con teatro y un taller infantil de tarjetas. [&hellip;]<\/p>\n","protected":false},"author":24,"featured_media":0,"comment_status":"open","ping_status":"closed","sticky":false,"template":"","format":"standard","meta":[],"categories":[2,3],"tags":[208,2835,2836],"_links":{"self":[{"href":"https:\/\/blogs.diariosur.es\/-que-le-compro-\/wp-json\/wp\/v2\/posts\/1882"}],"collection":[{"href":"https:\/\/blogs.diariosur.es\/-que-le-compro-\/wp-json\/wp\/v2\/posts"}],"about":[{"href":"https:\/\/blogs.diariosur.es\/-que-le-compro-\/wp-json\/wp\/v2\/types\/post"}],"author":[{"embeddable":true,"href":"https:\/\/blogs.diariosur.es\/-que-le-compro-\/wp-json\/wp\/v2\/users\/24"}],"replies":[{"embeddable":true,"href":"https:\/\/blogs.diariosur.es\/-que-le-compro-\/wp-json\/wp\/v2\/comments?post=1882"}],"version-history":[{"count":0,"href":"https:\/\/blogs.diariosur.es\/-que-le-compro-\/wp-json\/wp\/v2\/posts\/1882\/revisions"}],"wp:attachment":[{"href":"https:\/\/blogs.diariosur.es\/-que-le-compro-\/wp-json\/wp\/v2\/media?parent=1882"}],"wp:term":[{"taxonomy":"category","embeddable":true,"href":"https:\/\/blogs.diariosur.es\/-que-le-compro-\/wp-json\/wp\/v2\/categories?post=1882"},{"taxonomy":"post_tag","embeddable":true,"href":"https:\/\/blogs.diariosur.es\/-que-le-compro-\/wp-json\/wp\/v2\/tags?post=1882"}],"curies":[{"name":"wp","href":"https:\/\/api.w.org\/{rel}","templated":true}]}}