{"id":1885,"date":"2013-04-09T10:41:20","date_gmt":"2013-04-09T08:41:20","guid":{"rendered":"http:\/\/blogs.diariosur.es\/-que-le-compro-\/?p=1885"},"modified":"2013-04-09T10:41:20","modified_gmt":"2013-04-09T08:41:20","slug":"mercadillo-craftsma-en-el-black-weekend-de-rincon-de-la-victoria","status":"publish","type":"post","link":"https:\/\/blogs.diariosur.es\/-que-le-compro-\/2013\/04\/09\/mercadillo-craftsma-en-el-black-weekend-de-rincon-de-la-victoria\/","title":{"rendered":"Mercadillo Craftsma en el Black Weekend de Rinc\u00f3n de la Victoria"},"content":{"rendered":"<p><img loading=\"lazy\" class=\"size-full wp-image-1886 aligncenter\" title=\"Black Weekend Rinc\u00f3n de la Victoria, 12-14 de abril\" src=\"\/-que-le-compro-\/wp-content\/uploads\/sites\/19\/2013\/04\/black-weekend-rincon.jpg\" alt=\"Black Weekend Rinc\u00f3n de la Victoria, 12-14 de abril\" width=\"500\" height=\"239\" srcset=\"https:\/\/static-blogs.diariosur.es\/wp-content\/uploads\/sites\/19\/2013\/04\/black-weekend-rincon.jpg 500w, https:\/\/static-blogs.diariosur.es\/wp-content\/uploads\/sites\/19\/2013\/04\/black-weekend-rincon-300x143.jpg 300w\" sizes=\"(max-width: 500px) 100vw, 500px\" \/><\/p>\n<p><span style=\"color: #333399;\">Rinc\u00f3n de la Victoria celebra del viernes al domingo su <strong>Black Weekend<\/strong>, tres d\u00edas en los que habr\u00e1 exposiciones, charlas y conciertos, todo ello de manera gratuita ya que forma parte del programa de ocio alternativo &#8216;Eres Joven 2013&#8217;, puesto en marcha por el Ayuntamiento de esta localidad malague\u00f1a.<\/span><\/p>\n<p><span style=\"color: #333399;\">Y entre las actividades que se celebrar\u00e1n figura tambi\u00e9n un mercadillo de <strong>Crafts Market M\u00e1laga (Craftsma)<\/strong> que una vez m\u00e1s reunir\u00e1 a numerosos dise\u00f1adores locales que volver\u00e1n a demostrar el alto nivel de creatividad que existe en nuestra provincia. El escenario ser\u00e1 la plaza Al Andalus, junto al Ayuntamiento, y tendr\u00e1 este <span style=\"text-decoration: underline;\">horario:<\/span><\/span><\/p>\n<p><span style=\"color: #333399;\">Vie 12: De 16:00 a 23:00 hrs<\/span><br \/>\n<span style=\"color: #333399;\">S\u00e1b 13: De 11:00 a 23:00 hrs<\/span><br \/>\n<span style=\"color: #333399;\">Dom 14: De 11:00 a 20:00 hrs<\/span><\/p>\n<p><script type=\"text\/javascript\">var addthis_config = {\"data_track_clickback\":true,\"data_track_addressbar\":false,\"data_track_textcopy\":false,\"ui_atversion\":\"300\"}; var addthis_product = 'wpp-3.0.2';<\/script><script type=\"text\/javascript\" src=\"\/\/s7.addthis.com\/js\/300\/addthis_widget.js#pubid=ra-50fc27702fb34fca\"><\/script><\/p>\n<p><span style=\"color: #333399;\">\u00a1Que no se os pase, apunt\u00e1oslo en la agenda!<\/span><\/p>\n","protected":false},"excerpt":{"rendered":"<p>Rinc\u00f3n de la Victoria celebra del viernes al domingo su Black Weekend, tres d\u00edas en los que habr\u00e1 exposiciones, charlas y conciertos, todo ello de manera gratuita ya que forma parte del programa de ocio alternativo &#8216;Eres Joven 2013&#8217;, puesto en marcha por el Ayuntamiento de esta localidad malague\u00f1a. Y entre las actividades que se [&hellip;]<\/p>\n","protected":false},"author":24,"featured_media":0,"comment_status":"open","ping_status":"closed","sticky":false,"template":"","format":"standard","meta":[],"categories":[4,6],"tags":[445,446,935,1780,3035],"_links":{"self":[{"href":"https:\/\/blogs.diariosur.es\/-que-le-compro-\/wp-json\/wp\/v2\/posts\/1885"}],"collection":[{"href":"https:\/\/blogs.diariosur.es\/-que-le-compro-\/wp-json\/wp\/v2\/posts"}],"about":[{"href":"https:\/\/blogs.diariosur.es\/-que-le-compro-\/wp-json\/wp\/v2\/types\/post"}],"author":[{"embeddable":true,"href":"https:\/\/blogs.diariosur.es\/-que-le-compro-\/wp-json\/wp\/v2\/users\/24"}],"replies":[{"embeddable":true,"href":"https:\/\/blogs.diariosur.es\/-que-le-compro-\/wp-json\/wp\/v2\/comments?post=1885"}],"version-history":[{"count":0,"href":"https:\/\/blogs.diariosur.es\/-que-le-compro-\/wp-json\/wp\/v2\/posts\/1885\/revisions"}],"wp:attachment":[{"href":"https:\/\/blogs.diariosur.es\/-que-le-compro-\/wp-json\/wp\/v2\/media?parent=1885"}],"wp:term":[{"taxonomy":"category","embeddable":true,"href":"https:\/\/blogs.diariosur.es\/-que-le-compro-\/wp-json\/wp\/v2\/categories?post=1885"},{"taxonomy":"post_tag","embeddable":true,"href":"https:\/\/blogs.diariosur.es\/-que-le-compro-\/wp-json\/wp\/v2\/tags?post=1885"}],"curies":[{"name":"wp","href":"https:\/\/api.w.org\/{rel}","templated":true}]}}