{"id":1887,"date":"2013-04-12T20:48:43","date_gmt":"2013-04-12T18:48:43","guid":{"rendered":"http:\/\/blogs.diariosur.es\/-que-le-compro-\/?p=1887"},"modified":"2013-04-12T20:48:43","modified_gmt":"2013-04-12T18:48:43","slug":"ii-mercadillo-ecologico-en-la-malagueta-con-taller-gratis-de-cocina-sobre-ensaladas","status":"publish","type":"post","link":"https:\/\/blogs.diariosur.es\/-que-le-compro-\/2013\/04\/12\/ii-mercadillo-ecologico-en-la-malagueta-con-taller-gratis-de-cocina-sobre-ensaladas\/","title":{"rendered":"II Mercadillo ecol\u00f3gico en La Malagueta, con taller gratis de cocina sobre ensaladas"},"content":{"rendered":"<p><span style=\"color: #333399;\">Si quer\u00e9is aprender m\u00e1s sobre las propiedades anticancer\u00edgenas de ciertas verduras, no os dej\u00e9is de pasar este s\u00e1bado, d\u00eda 13, por La Malagueta. Porque en el <span style=\"font-size: medium;\">Paseo de Reding<\/span>, junto a la plaza de toros, la asociaci\u00f3n <strong>Guadalhorce Ecol\u00f3gico<\/strong> pone en marcha su segundo mercadillo ecol\u00f3gico de este barrio. Como gran novedad, habr\u00e1 un t<strong>aller de cocina gratuito<\/strong> sobre las cruc\u00edferas (coles, coliflores y br\u00f3colis), verduras con un alto poder anticancer\u00edgeno que finalizan temporada. A partir de las 12 de la ma\u00f1ana.\u00a0<\/span><\/p>\n<p><span style=\"color: #333399;\">El mercadillo volver\u00e1 a contar\u00a0con la participaci\u00f3n de numerosos productores de la provincia que podr\u00e1n a la venta productos procedentes de t\u00e9cnicas ecol\u00f3gicas en agricultura y ganader\u00eda como frutas, verduras y hortalizas de temporada, miel, aceite, c\u00edtricos, huevos, panes, dulces, vinos&#8230;. <strong><span style=\"font-size: medium;\">Todo ello de diez de la ma\u00f1ana a tres de la tarde<\/span><\/strong>.<\/span><\/p>\n<p><img loading=\"lazy\" class=\"size-full wp-image-1889\" title=\"Foto del primer mercado ecol\u00f3gico en La Malagueta, 9 de marzo\" src=\"\/-que-le-compro-\/wp-content\/uploads\/sites\/19\/2013\/04\/mercado-malagueta.jpg\" alt=\"Foto del primer mercado ecol\u00f3gico en La Malagueta, 9 de marzo\" width=\"500\" height=\"369\" srcset=\"https:\/\/static-blogs.diariosur.es\/wp-content\/uploads\/sites\/19\/2013\/04\/mercado-malagueta.jpg 500w, https:\/\/static-blogs.diariosur.es\/wp-content\/uploads\/sites\/19\/2013\/04\/mercado-malagueta-300x221.jpg 300w\" sizes=\"(max-width: 500px) 100vw, 500px\" \/><\/p>\n<p><script type=\"text\/javascript\">var addthis_config = {\"data_track_clickback\":true,\"data_track_addressbar\":false,\"data_track_textcopy\":false,\"ui_atversion\":\"300\"}; var addthis_product = 'wpp-3.0.2';<\/script><script type=\"text\/javascript\" src=\"\/\/s7.addthis.com\/js\/300\/addthis_widget.js#pubid=ra-50fc27702fb34fca\"><\/script><\/p>\n<p><span style=\"color: #333399;\">Pese a que el tiempo no acompa\u00f1\u00f3 demasiado en el <a href=\"https:\/\/blogs.diariosur.es\/-que-le-compro-\/2013\/03\/09\/nuevo-mercado-ecologico-en-la-malagueta-segundo-sabado-del-mes\/\"><span style=\"color: #333399;\">estreno de este mercadillo el mes pasado<\/span><\/a>, la iniciativa registr\u00f3 una buena acogida, esperemos que la respuesta sea a\u00fan mejor en esta nueva edici\u00f3n. <a href=\"http:\/\/www.diariosur.es\/multimedia\/fotos\/malaga\/116472-malagueta-estrena-mercado-ecologico-0.html\" rel=\"external nofollow\">Ver f<\/a><\/span><span style=\"color: #333399;\"><a href=\"http:\/\/www.diariosur.es\/multimedia\/fotos\/malaga\/116472-malagueta-estrena-mercado-ecologico-0.html\" rel=\"external nofollow\">otos del primer \u00a0mercadillo ecol\u00f3gico en La Malagueta<\/a>.<\/span><\/p>\n","protected":false},"excerpt":{"rendered":"<p>Si quer\u00e9is aprender m\u00e1s sobre las propiedades anticancer\u00edgenas de ciertas verduras, no os dej\u00e9is de pasar este s\u00e1bado, d\u00eda 13, por La Malagueta. Porque en el Paseo de Reding, junto a la plaza de toros, la asociaci\u00f3n Guadalhorce Ecol\u00f3gico pone en marcha su segundo mercadillo ecol\u00f3gico de este barrio. Como gran novedad, habr\u00e1 un taller [&hellip;]<\/p>\n","protected":false},"author":24,"featured_media":0,"comment_status":"open","ping_status":"closed","sticky":false,"template":"","format":"standard","meta":[],"categories":[4],"tags":[311,2224,2257,3518],"_links":{"self":[{"href":"https:\/\/blogs.diariosur.es\/-que-le-compro-\/wp-json\/wp\/v2\/posts\/1887"}],"collection":[{"href":"https:\/\/blogs.diariosur.es\/-que-le-compro-\/wp-json\/wp\/v2\/posts"}],"about":[{"href":"https:\/\/blogs.diariosur.es\/-que-le-compro-\/wp-json\/wp\/v2\/types\/post"}],"author":[{"embeddable":true,"href":"https:\/\/blogs.diariosur.es\/-que-le-compro-\/wp-json\/wp\/v2\/users\/24"}],"replies":[{"embeddable":true,"href":"https:\/\/blogs.diariosur.es\/-que-le-compro-\/wp-json\/wp\/v2\/comments?post=1887"}],"version-history":[{"count":0,"href":"https:\/\/blogs.diariosur.es\/-que-le-compro-\/wp-json\/wp\/v2\/posts\/1887\/revisions"}],"wp:attachment":[{"href":"https:\/\/blogs.diariosur.es\/-que-le-compro-\/wp-json\/wp\/v2\/media?parent=1887"}],"wp:term":[{"taxonomy":"category","embeddable":true,"href":"https:\/\/blogs.diariosur.es\/-que-le-compro-\/wp-json\/wp\/v2\/categories?post=1887"},{"taxonomy":"post_tag","embeddable":true,"href":"https:\/\/blogs.diariosur.es\/-que-le-compro-\/wp-json\/wp\/v2\/tags?post=1887"}],"curies":[{"name":"wp","href":"https:\/\/api.w.org\/{rel}","templated":true}]}}