{"id":1892,"date":"2013-04-15T10:12:54","date_gmt":"2013-04-15T08:12:54","guid":{"rendered":"http:\/\/blogs.diariosur.es\/-que-le-compro-\/?p=1892"},"modified":"2013-04-15T10:12:54","modified_gmt":"2013-04-15T08:12:54","slug":"dia-de-los-abuelos-escuela-de-magia-y-cine-gratis-en-el-centro-comercial-rincon-de-la-victoria-de-abril","status":"publish","type":"post","link":"https:\/\/blogs.diariosur.es\/-que-le-compro-\/2013\/04\/15\/dia-de-los-abuelos-escuela-de-magia-y-cine-gratis-en-el-centro-comercial-rincon-de-la-victoria-de-abril\/","title":{"rendered":"D\u00eda de los Abuelos, escuela de magia y cine gratis en el centro comercial Rinc\u00f3n de la Victoria"},"content":{"rendered":"<p><img loading=\"lazy\" class=\"aligncenter size-full wp-image-1893\" title=\"D\u00eda de los Abuelos, s\u00e1bado 20 de abril\" src=\"\/-que-le-compro-\/wp-content\/uploads\/sites\/19\/2013\/04\/dia-abuelos.jpg\" alt=\"D\u00eda de los Abuelos, s\u00e1bado 20 de abril\" width=\"450\" height=\"550\" srcset=\"https:\/\/static-blogs.diariosur.es\/wp-content\/uploads\/sites\/19\/2013\/04\/dia-abuelos.jpg 450w, https:\/\/static-blogs.diariosur.es\/wp-content\/uploads\/sites\/19\/2013\/04\/dia-abuelos-245x300.jpg 245w\" sizes=\"(max-width: 450px) 100vw, 450px\" \/><\/p>\n<p><span style=\"color: #333399;\">Un a\u00f1o m\u00e1s, el centro comercial Rinc\u00f3n de la Victoria rinde <strong>homenaje a los abuelos<\/strong>. La cita es este <span style=\"text-decoration: underline;\">s\u00e1bado, d\u00eda 20<\/span>, donde se realizar\u00e1n varias actividades para celebrar este d\u00eda. Por un lado, habr\u00e1 una zona de fotograf\u00eda en la que las familias, presentando un t\u00edcket de compra y\/o consumici\u00f3n realizada el mismo d\u00eda en cualquier establecimiento del centro, podr\u00e1n retratarse y recibir su fotograf\u00eda familiar para los abuelos totalmente gratis.<\/span><\/p>\n<p><span style=\"color: #333399;\">Adem\u00e1s, habr\u00e1 dos zonas de talleres infantiles gratuitos en los que los peque\u00f1os podr\u00e1n crear con sus propias manos el portafoto de la foto familiar y una tarjeta de felicitaci\u00f3n todo ello dedicado para los abuelos. Todo esto de 12.00 a 14.00 horas y de 17.30 a 21.30 horas.<\/span><\/p>\n<p><img loading=\"lazy\" class=\"aligncenter size-full wp-image-1894\" title=\"Escuela de magia en el c.c. Rinc\u00f3n de la Victoria\" src=\"\/-que-le-compro-\/wp-content\/uploads\/sites\/19\/2013\/04\/escuela-magia.jpg\" alt=\"Escuela de magia en el c.c. Rinc\u00f3n de la Victoria\" width=\"450\" height=\"550\" srcset=\"https:\/\/static-blogs.diariosur.es\/wp-content\/uploads\/sites\/19\/2013\/04\/escuela-magia.jpg 450w, https:\/\/static-blogs.diariosur.es\/wp-content\/uploads\/sites\/19\/2013\/04\/escuela-magia-245x300.jpg 245w\" sizes=\"(max-width: 450px) 100vw, 450px\" \/><\/p>\n<p><span style=\"color: #333399;\">Paralelamente, los ni\u00f1os podr\u00e1n disfrutar de una<strong> Escuela de Magia<\/strong>, que estar\u00e1 abierta los<span style=\"text-decoration: underline;\"> viernes y s\u00e1bados de este mes<\/span> de 18.00 a 21.00 horas. La inscripci\u00f3n de los ni\u00f1@s es gratuita y preferiblemente debe hacerse de forma previa enviando los padres un mail que incluya los datos del ni\u00f1@ y la sesi\u00f3n\/es seleccionadas, <a href=\"mailto:info@ccrincondelavictoria.com\"><span style=\"color: #333399;\">a este correo electr\u00f3nico\u00a0<\/span><\/a><\/span><\/p>\n<p><span style=\"color: #333399;\">Cada d\u00eda habr\u00e1 trucos nuevos por lo que no deben perderse ninguno. La edad m\u00ednima de participaci\u00f3n de los ni\u00f1@s es 5 a\u00f1os. Como gran broche final, el s\u00e1bado 27 a partir de las 21 horas, tendr\u00e1 lugar una gran gala final en la que actuar\u00e1n magos profesionales y los alumnos m\u00e1s prometedores de la Escuela de Magia.<\/span><\/p>\n<p><script type=\"text\/javascript\">var addthis_config = {\"data_track_clickback\":true,\"data_track_addressbar\":false,\"data_track_textcopy\":false,\"ui_atversion\":\"300\"}; var addthis_product = 'wpp-3.0.2';<\/script><script type=\"text\/javascript\" src=\"\/\/s7.addthis.com\/js\/300\/addthis_widget.js#pubid=ra-50fc27702fb34fca\"><\/script><\/p>\n<p><img loading=\"lazy\" class=\"aligncenter size-full wp-image-1895\" title=\"Programaci\u00f3n del ciclo Viernes Culturales y C\u00e1sicos\" src=\"\/-que-le-compro-\/wp-content\/uploads\/sites\/19\/2013\/04\/viernes-clasicos.jpg\" alt=\"Programaci\u00f3n del ciclo Viernes Culturales y C\u00e1sicos\" width=\"450\" height=\"550\" srcset=\"https:\/\/static-blogs.diariosur.es\/wp-content\/uploads\/sites\/19\/2013\/04\/viernes-clasicos.jpg 450w, https:\/\/static-blogs.diariosur.es\/wp-content\/uploads\/sites\/19\/2013\/04\/viernes-clasicos-245x300.jpg 245w\" sizes=\"(max-width: 450px) 100vw, 450px\" \/><\/p>\n<p><span style=\"color: #333399;\">Asimismo, este mes arranca los <strong>Viernes Culturales y Cl\u00e1sico<\/strong>s, una promoci\u00f3n que se prolongar\u00e1 hasta el pr\u00f3ximo mes de junio. Durante todos los viernes (21 horas) podr\u00e1n disfrutarse de grandes cl\u00e1sicos del cine en calidad Blu Ray y tambi\u00e9n de buen teatro en directo. Este es el programa de t\u00edtulos previstos:<\/span><\/p>\n<p><span style=\"color: #333399;\">12 de abril: CASABLANCA ( Cine Cl\u00e1sico en Blue Ray )<\/span><br \/>\n<span style=\"color: #333399;\">19 de abril: FLAMENCOMEDIA ( Teatro en Directo )<\/span><br \/>\n<span style=\"color: #333399;\">17 de mayo: GILDA ( Cine Cl\u00e1sico en Blue Ray )<\/span><br \/>\n<span style=\"color: #333399;\">31 de mayo: THIS IS IT ( Pel\u00edcula Michael Jackson en Blue Ray )<\/span><br \/>\n<span style=\"color: #333399;\">21 de junio: QUIZ\u00c1S EL PR\u00d3XIMO S\u00c1BADO ( Teatro en Directo )<\/span><\/p>\n<p><span style=\"color: #333399;\">Los clientes que quieran optar a dichas entradas tendr\u00e1n que presentar en las taquillas-bar de Yelmo Cines en su horario habitual, t\u00edckets de compra o consumici\u00f3n realizadas exclusivamente en establecimientos de ocio-restauraci\u00f3n del centro comercial dentro de las fechas de los eventos, por valor m\u00ednimo de 20 euros, consiguiendo con ello dos entradas gratis para la sesi\u00f3n que quieran (pel\u00edcula o teatro).<\/span><\/p>\n","protected":false},"excerpt":{"rendered":"<p>Un a\u00f1o m\u00e1s, el centro comercial Rinc\u00f3n de la Victoria rinde homenaje a los abuelos. La cita es este s\u00e1bado, d\u00eda 20, donde se realizar\u00e1n varias actividades para celebrar este d\u00eda. Por un lado, habr\u00e1 una zona de fotograf\u00eda en la que las familias, presentando un t\u00edcket de compra y\/o consumici\u00f3n realizada el mismo d\u00eda [&hellip;]<\/p>\n","protected":false},"author":24,"featured_media":0,"comment_status":"open","ping_status":"closed","sticky":false,"template":"","format":"standard","meta":[],"categories":[2],"tags":[702,1097,1270,2043,3889],"_links":{"self":[{"href":"https:\/\/blogs.diariosur.es\/-que-le-compro-\/wp-json\/wp\/v2\/posts\/1892"}],"collection":[{"href":"https:\/\/blogs.diariosur.es\/-que-le-compro-\/wp-json\/wp\/v2\/posts"}],"about":[{"href":"https:\/\/blogs.diariosur.es\/-que-le-compro-\/wp-json\/wp\/v2\/types\/post"}],"author":[{"embeddable":true,"href":"https:\/\/blogs.diariosur.es\/-que-le-compro-\/wp-json\/wp\/v2\/users\/24"}],"replies":[{"embeddable":true,"href":"https:\/\/blogs.diariosur.es\/-que-le-compro-\/wp-json\/wp\/v2\/comments?post=1892"}],"version-history":[{"count":0,"href":"https:\/\/blogs.diariosur.es\/-que-le-compro-\/wp-json\/wp\/v2\/posts\/1892\/revisions"}],"wp:attachment":[{"href":"https:\/\/blogs.diariosur.es\/-que-le-compro-\/wp-json\/wp\/v2\/media?parent=1892"}],"wp:term":[{"taxonomy":"category","embeddable":true,"href":"https:\/\/blogs.diariosur.es\/-que-le-compro-\/wp-json\/wp\/v2\/categories?post=1892"},{"taxonomy":"post_tag","embeddable":true,"href":"https:\/\/blogs.diariosur.es\/-que-le-compro-\/wp-json\/wp\/v2\/tags?post=1892"}],"curies":[{"name":"wp","href":"https:\/\/api.w.org\/{rel}","templated":true}]}}