{"id":1897,"date":"2013-04-16T17:33:52","date_gmt":"2013-04-16T15:33:52","guid":{"rendered":"http:\/\/blogs.diariosur.es\/-que-le-compro-\/?p=1897"},"modified":"2013-04-16T17:33:52","modified_gmt":"2013-04-16T15:33:52","slug":"nuevo-mercadillo-de-alimentacion-en-cerrado-de-calderon-inscripcion-abierta","status":"publish","type":"post","link":"https:\/\/blogs.diariosur.es\/-que-le-compro-\/2013\/04\/16\/nuevo-mercadillo-de-alimentacion-en-cerrado-de-calderon-inscripcion-abierta\/","title":{"rendered":"Nuevo mercadillo de alimentaci\u00f3n en Cerrado de Calder\u00f3n, inscripci\u00f3n abierta"},"content":{"rendered":"<p><img loading=\"lazy\" class=\"size-full wp-image-1898 aligncenter\" title=\"Cerrado Food Market, nuevo mercadillo en Cerrado de Calder\u00f3n\" src=\"\/-que-le-compro-\/wp-content\/uploads\/sites\/19\/2013\/04\/mercadillo-cerrado-blog.jpg\" alt=\"Cerrado Food Market, nuevo mercadillo en Cerrado de Calder\u00f3n\" width=\"450\" height=\"400\" srcset=\"https:\/\/static-blogs.diariosur.es\/wp-content\/uploads\/sites\/19\/2013\/04\/mercadillo-cerrado-blog.jpg 450w, https:\/\/static-blogs.diariosur.es\/wp-content\/uploads\/sites\/19\/2013\/04\/mercadillo-cerrado-blog-300x267.jpg 300w\" sizes=\"(max-width: 450px) 100vw, 450px\" \/><\/p>\n<p><span style=\"color: #333399;\">El <span style=\"text-decoration: underline;\">s\u00e1bado 4 de mayo<\/span> es la fecha elegida. El Cerrado de Calder\u00f3n estrenar\u00e1 ese d\u00eda un mercadillo que, a diferencia de los que han surgido recientemente en M\u00e1laga, solo reunir\u00e1 stands con alimentaci\u00f3n. El proyecto est\u00e1 impulsado por Blanca Beneitez, responsable de la popular muestra artesanal Ba\u00f1os del Carmen, y aspira a celebrarse <strong>todos los s\u00e1bados<\/strong> por la ma\u00f1ana en el multicentro situado a la entrada de la urbanizaci\u00f3n, en calle Rodeo.<\/span><\/p>\n<p><span style=\"color: #333399;\">Reunir\u00e1 en cada edici\u00f3n a unos 40-50 participantes y la inscripci\u00f3n para esta primera convocatoria ya est\u00e1 abierta, as\u00ed que los interesados pueden solicitar m\u00e1s informaci\u00f3n en el correo electr\u00f3nico <a href=\"mailto:gloriousfoodmarket@hotmail.com\">gloriousfoodmarket@hotmail.com<\/a> <\/span><\/p>\n<p><script type=\"text\/javascript\">var addthis_config = {\"data_track_clickback\":true,\"data_track_addressbar\":false,\"data_track_textcopy\":false,\"ui_atversion\":\"300\"}; var addthis_product = 'wpp-3.0.2';<\/script><script type=\"text\/javascript\" src=\"\/\/s7.addthis.com\/js\/300\/addthis_widget.js#pubid=ra-50fc27702fb34fca\"><\/script><\/p>\n<p><span style=\"color: #333399;\">Se admitir\u00e1n participantes que comercialicen productos locales como vinos, aceites o miel pero especialmente se quiere contar con los relacionados con alimentos ecol\u00f3gicos.<\/span><\/p>\n<p><span style=\"color: #333399;\">Si os quer\u00e9is apuntar ya sab\u00e9is qu\u00e9 ten\u00e9is que hacer. Y para los seguidores de los mercadillos ya sab\u00e9is, \u00a1una fecha m\u00e1s a apuntar en la agenda!<\/span><\/p>\n","protected":false},"excerpt":{"rendered":"<p>El s\u00e1bado 4 de mayo es la fecha elegida. El Cerrado de Calder\u00f3n estrenar\u00e1 ese d\u00eda un mercadillo que, a diferencia de los que han surgido recientemente en M\u00e1laga, solo reunir\u00e1 stands con alimentaci\u00f3n. El proyecto est\u00e1 impulsado por Blanca Beneitez, responsable de la popular muestra artesanal Ba\u00f1os del Carmen, y aspira a celebrarse todos [&hellip;]<\/p>\n","protected":false},"author":24,"featured_media":0,"comment_status":"open","ping_status":"closed","sticky":false,"template":"","format":"standard","meta":[],"categories":[4,6],"tags":[448,718,2194,2687,3032],"_links":{"self":[{"href":"https:\/\/blogs.diariosur.es\/-que-le-compro-\/wp-json\/wp\/v2\/posts\/1897"}],"collection":[{"href":"https:\/\/blogs.diariosur.es\/-que-le-compro-\/wp-json\/wp\/v2\/posts"}],"about":[{"href":"https:\/\/blogs.diariosur.es\/-que-le-compro-\/wp-json\/wp\/v2\/types\/post"}],"author":[{"embeddable":true,"href":"https:\/\/blogs.diariosur.es\/-que-le-compro-\/wp-json\/wp\/v2\/users\/24"}],"replies":[{"embeddable":true,"href":"https:\/\/blogs.diariosur.es\/-que-le-compro-\/wp-json\/wp\/v2\/comments?post=1897"}],"version-history":[{"count":0,"href":"https:\/\/blogs.diariosur.es\/-que-le-compro-\/wp-json\/wp\/v2\/posts\/1897\/revisions"}],"wp:attachment":[{"href":"https:\/\/blogs.diariosur.es\/-que-le-compro-\/wp-json\/wp\/v2\/media?parent=1897"}],"wp:term":[{"taxonomy":"category","embeddable":true,"href":"https:\/\/blogs.diariosur.es\/-que-le-compro-\/wp-json\/wp\/v2\/categories?post=1897"},{"taxonomy":"post_tag","embeddable":true,"href":"https:\/\/blogs.diariosur.es\/-que-le-compro-\/wp-json\/wp\/v2\/tags?post=1897"}],"curies":[{"name":"wp","href":"https:\/\/api.w.org\/{rel}","templated":true}]}}