{"id":1900,"date":"2013-04-20T09:38:22","date_gmt":"2013-04-20T07:38:22","guid":{"rendered":"http:\/\/blogs.diariosur.es\/-que-le-compro-\/?p=1900"},"modified":"2013-04-20T09:38:22","modified_gmt":"2013-04-20T07:38:22","slug":"nuevo-mercadillo-ecologico-en-benalmadena-el-tercer-domingo-del-mes","status":"publish","type":"post","link":"https:\/\/blogs.diariosur.es\/-que-le-compro-\/2013\/04\/20\/nuevo-mercadillo-ecologico-en-benalmadena-el-tercer-domingo-del-mes\/","title":{"rendered":"Nuevo mercadillo ecol\u00f3gico en Benalm\u00e1dena, el tercer domingo del mes"},"content":{"rendered":"<p><img loading=\"lazy\" class=\"size-full wp-image-1901 aligncenter\" title=\"Nuevo mercadillo ecol\u00f3gico en Arroyo de la Miel (Benalm\u00e1dena)\" src=\"\/-que-le-compro-\/wp-content\/uploads\/sites\/19\/2013\/04\/mercadillo-benalmadena.jpg\" alt=\"Nuevo mercadillo ecol\u00f3gico en Arroyo de la Miel (Benalm\u00e1dena)\" width=\"350\" height=\"493\" srcset=\"https:\/\/static-blogs.diariosur.es\/wp-content\/uploads\/sites\/19\/2013\/04\/mercadillo-benalmadena.jpg 350w, https:\/\/static-blogs.diariosur.es\/wp-content\/uploads\/sites\/19\/2013\/04\/mercadillo-benalmadena-213x300.jpg 213w\" sizes=\"(max-width: 350px) 100vw, 350px\" \/><\/p>\n<p><span style=\"color: #333399;\">Benalm\u00e1dena se suma a la red de la provincia de M\u00e1laga que cuenta con mercadillo ecol\u00f3gico. Desde este domingo, d\u00eda 21, y en adelante el tercer domingo de cada mes, la <strong>plaza Pueblosol, en Arroyo de la Miel<\/strong>, acoger\u00e1 esta iniciativa de la asociaci\u00f3n Guadalhorce Ecol\u00f3gico tras el acuerdo suscrito con el Ayuntamiento de Benalm\u00e1dena.<\/span><\/p>\n<p><script type=\"text\/javascript\">var addthis_config = {\"data_track_clickback\":true,\"data_track_addressbar\":false,\"data_track_textcopy\":false,\"ui_atversion\":\"300\"}; var addthis_product = 'wpp-3.0.2';<\/script><script type=\"text\/javascript\" src=\"\/\/s7.addthis.com\/js\/300\/addthis_widget.js#pubid=ra-50fc27702fb34fca\"><\/script><\/p>\n<p><span style=\"color: #333399;\">Inicialmente iba a arrancar en su objetivo en marzo, pero finalmente la cita se pospuso un mes. Este nuevo mercadillo contar\u00e1 con \u00a0la participaci\u00f3n de una quincena de productores de la provincia que podr\u00e1n a la venta productos procedentes de t\u00e9cnicas ecol\u00f3gicas en agricultura y ganader\u00eda como hortalizas de temporada, miel, aceite, c\u00edtricos, huevos y vinos, entre otros productos. Todo ello a precios razonables d<strong>e diez de la ma\u00f1ana a dos de la tarde<\/strong>.<\/span><\/p>\n<p>&nbsp;<\/p>\n","protected":false},"excerpt":{"rendered":"<p>Benalm\u00e1dena se suma a la red de la provincia de M\u00e1laga que cuenta con mercadillo ecol\u00f3gico. Desde este domingo, d\u00eda 21, y en adelante el tercer domingo de cada mes, la plaza Pueblosol, en Arroyo de la Miel, acoger\u00e1 esta iniciativa de la asociaci\u00f3n Guadalhorce Ecol\u00f3gico tras el acuerdo suscrito con el Ayuntamiento de Benalm\u00e1dena. [&hellip;]<\/p>\n","protected":false},"author":24,"featured_media":0,"comment_status":"open","ping_status":"closed","sticky":false,"template":"","format":"standard","meta":[],"categories":[4],"tags":[1584,2224,2235,2971],"_links":{"self":[{"href":"https:\/\/blogs.diariosur.es\/-que-le-compro-\/wp-json\/wp\/v2\/posts\/1900"}],"collection":[{"href":"https:\/\/blogs.diariosur.es\/-que-le-compro-\/wp-json\/wp\/v2\/posts"}],"about":[{"href":"https:\/\/blogs.diariosur.es\/-que-le-compro-\/wp-json\/wp\/v2\/types\/post"}],"author":[{"embeddable":true,"href":"https:\/\/blogs.diariosur.es\/-que-le-compro-\/wp-json\/wp\/v2\/users\/24"}],"replies":[{"embeddable":true,"href":"https:\/\/blogs.diariosur.es\/-que-le-compro-\/wp-json\/wp\/v2\/comments?post=1900"}],"version-history":[{"count":0,"href":"https:\/\/blogs.diariosur.es\/-que-le-compro-\/wp-json\/wp\/v2\/posts\/1900\/revisions"}],"wp:attachment":[{"href":"https:\/\/blogs.diariosur.es\/-que-le-compro-\/wp-json\/wp\/v2\/media?parent=1900"}],"wp:term":[{"taxonomy":"category","embeddable":true,"href":"https:\/\/blogs.diariosur.es\/-que-le-compro-\/wp-json\/wp\/v2\/categories?post=1900"},{"taxonomy":"post_tag","embeddable":true,"href":"https:\/\/blogs.diariosur.es\/-que-le-compro-\/wp-json\/wp\/v2\/tags?post=1900"}],"curies":[{"name":"wp","href":"https:\/\/api.w.org\/{rel}","templated":true}]}}