{"id":1902,"date":"2013-04-18T09:08:26","date_gmt":"2013-04-18T07:08:26","guid":{"rendered":"http:\/\/blogs.diariosur.es\/-que-le-compro-\/?p=1902"},"modified":"2013-04-18T09:08:26","modified_gmt":"2013-04-18T07:08:26","slug":"moda-vintage-en-el-showroom-de-cats-vintage-con-regalos-y-sorteos","status":"publish","type":"post","link":"https:\/\/blogs.diariosur.es\/-que-le-compro-\/2013\/04\/18\/moda-vintage-en-el-showroom-de-cats-vintage-con-regalos-y-sorteos\/","title":{"rendered":"Moda vintage en el showroom de Cats Vintage, con regalos y sorteos"},"content":{"rendered":"<p><img loading=\"lazy\" class=\"size-full wp-image-1903 aligncenter\" title=\"Showroom de CATs Vintage en Il Laboratorio, 18 de abril\" src=\"\/-que-le-compro-\/wp-content\/uploads\/sites\/19\/2013\/04\/cats-vintage.jpg\" alt=\"Showroom de CATs Vintage en Il Laboratorio, 18 de abril\" width=\"450\" height=\"642\" srcset=\"https:\/\/static-blogs.diariosur.es\/wp-content\/uploads\/sites\/19\/2013\/04\/cats-vintage.jpg 450w, https:\/\/static-blogs.diariosur.es\/wp-content\/uploads\/sites\/19\/2013\/04\/cats-vintage-210x300.jpg 210w\" sizes=\"(max-width: 450px) 100vw, 450px\" \/><\/p>\n<p><span style=\"color: #333399;\">Si te gusta la moda vintage, \u00a0intenta pasarte este jueves por el restaurante <strong>Il Laboratorio<\/strong> (esquina calle \u00c1lamos y Carreter\u00eda, en el Centro de M\u00e1laga), ya que all\u00ed <strong>CATs Vintage<\/strong> celebrar\u00e1 un showroom para presentar sus \u00faltimas adquisiciones, ya que esta \u00a0firma se dedica a\u00a0importar y reciclar ropa vintage de los a\u00f1os 50 a los 90 de Londres, Estados Unidos y Jap\u00f3n.<\/span><\/p>\n<p><script type=\"text\/javascript\">var addthis_config = {\"data_track_clickback\":true,\"data_track_addressbar\":false,\"data_track_textcopy\":false,\"ui_atversion\":\"300\"}; var addthis_product = 'wpp-3.0.2';<\/script><script type=\"text\/javascript\" src=\"\/\/s7.addthis.com\/js\/300\/addthis_widget.js#pubid=ra-50fc27702fb34fca\"><\/script><\/p>\n<p><span style=\"color: #333399;\">El guateque Vintage, Cocktails &#038; cha-cha- ch\u00e1 tendr\u00e1 m\u00fasica en directo (que correr\u00e1 a cargo del DJ Paco Casa\u00f1o, de Los Enterradores) c\u00f3cteles y algo para picar. Y adem\u00e1s \u00a1descuentos y regalos para los asistentes! Todo eso <strong>de ocho de la tarde a doce de la noche.<\/strong><\/span><\/p>\n<p><span style=\"color: #333399;\">\u00bfOs anim\u00e1is?<\/span><\/p>\n","protected":false},"excerpt":{"rendered":"<p>Si te gusta la moda vintage, \u00a0intenta pasarte este jueves por el restaurante Il Laboratorio (esquina calle \u00c1lamos y Carreter\u00eda, en el Centro de M\u00e1laga), ya que all\u00ed CATs Vintage celebrar\u00e1 un showroom para presentar sus \u00faltimas adquisiciones, ya que esta \u00a0firma se dedica a\u00a0importar y reciclar ropa vintage de los a\u00f1os 50 a los [&hellip;]<\/p>\n","protected":false},"author":24,"featured_media":0,"comment_status":"open","ping_status":"closed","sticky":false,"template":"","format":"standard","meta":[],"categories":[6],"tags":[674,1689,1994,2513,2788,3380],"_links":{"self":[{"href":"https:\/\/blogs.diariosur.es\/-que-le-compro-\/wp-json\/wp\/v2\/posts\/1902"}],"collection":[{"href":"https:\/\/blogs.diariosur.es\/-que-le-compro-\/wp-json\/wp\/v2\/posts"}],"about":[{"href":"https:\/\/blogs.diariosur.es\/-que-le-compro-\/wp-json\/wp\/v2\/types\/post"}],"author":[{"embeddable":true,"href":"https:\/\/blogs.diariosur.es\/-que-le-compro-\/wp-json\/wp\/v2\/users\/24"}],"replies":[{"embeddable":true,"href":"https:\/\/blogs.diariosur.es\/-que-le-compro-\/wp-json\/wp\/v2\/comments?post=1902"}],"version-history":[{"count":0,"href":"https:\/\/blogs.diariosur.es\/-que-le-compro-\/wp-json\/wp\/v2\/posts\/1902\/revisions"}],"wp:attachment":[{"href":"https:\/\/blogs.diariosur.es\/-que-le-compro-\/wp-json\/wp\/v2\/media?parent=1902"}],"wp:term":[{"taxonomy":"category","embeddable":true,"href":"https:\/\/blogs.diariosur.es\/-que-le-compro-\/wp-json\/wp\/v2\/categories?post=1902"},{"taxonomy":"post_tag","embeddable":true,"href":"https:\/\/blogs.diariosur.es\/-que-le-compro-\/wp-json\/wp\/v2\/tags?post=1902"}],"curies":[{"name":"wp","href":"https:\/\/api.w.org\/{rel}","templated":true}]}}