{"id":1906,"date":"2013-04-18T18:15:45","date_gmt":"2013-04-18T16:15:45","guid":{"rendered":"http:\/\/blogs.diariosur.es\/-que-le-compro-\/?p=1906"},"modified":"2013-04-18T18:15:45","modified_gmt":"2013-04-18T16:15:45","slug":"la-vialia-fashion-week-cierra-su-plazo-de-inscripcion-de-modelos","status":"publish","type":"post","link":"https:\/\/blogs.diariosur.es\/-que-le-compro-\/2013\/04\/18\/la-vialia-fashion-week-cierra-su-plazo-de-inscripcion-de-modelos\/","title":{"rendered":"La II Vialia Fashion Week cierra su plazo de inscripci\u00f3n de modelos"},"content":{"rendered":"<p><img loading=\"lazy\" class=\"size-full wp-image-1908 aligncenter\" title=\"II Vialia Fashion Week, 25 y 26 de abril \" src=\"\/-que-le-compro-\/wp-content\/uploads\/sites\/19\/2013\/04\/vialia-fashion-week1.jpg\" alt=\"II Vialia Fashion Week, 25 y 26 de abril \" width=\"500\" height=\"600\" srcset=\"https:\/\/static-blogs.diariosur.es\/wp-content\/uploads\/sites\/19\/2013\/04\/vialia-fashion-week1.jpg 500w, https:\/\/static-blogs.diariosur.es\/wp-content\/uploads\/sites\/19\/2013\/04\/vialia-fashion-week1-250x300.jpg 250w\" sizes=\"(max-width: 500px) 100vw, 500px\" \/><\/p>\n<p><span style=\"color: #333399;\">\u00a1Ojo! Si te gustar\u00eda saber qu\u00e9 sienten las modelos al desfilar en las pasarelas, recuerda que tienes una oportunidad de experimentar esa sensaci\u00f3n en la segunda edici\u00f3n de la Fashion Week de Vialia, y adem\u00e1s puedes conseguir premios. El <strong>\u00faltimo d\u00eda para apuntarse a esta iniciativa es este viernes, 19<\/strong> de abril, y la convocatoria est\u00e1 abierta tanto a <strong>ni\u00f1os (de 5 a 10 a\u00f1os) como a j\u00f3venes de 10 a 25<\/strong>, y solo es necesario entregar la <span style=\"text-decoration: underline;\">solicitud en el stand de moda ubicado en la planta alta<\/span> del centro comercial Vialia M\u00e1laga-Estaci\u00f3n Mar\u00eda Zambrano de 17 a 21 horas.<\/span><\/p>\n<p><span style=\"color: #333399;\">Para los ganadores infantiles habr\u00e1 cuatro premios consistentes en un <span style=\"text-decoration: underline;\">vale de 100 euros<\/span> a gastar en las tiendas de Vialia, mientras que para los adultos disfrutar\u00e1n de un <span style=\"text-decoration: underline;\">bono de 200 euros<\/span> tanto para el chico elegido y como para la chica seleccionada.<\/span><\/p>\n<p><script type=\"text\/javascript\">var addthis_config = {\"data_track_clickback\":true,\"data_track_addressbar\":false,\"data_track_textcopy\":false,\"ui_atversion\":\"300\"}; var addthis_product = 'wpp-3.0.2';<\/script><script type=\"text\/javascript\" src=\"\/\/s7.addthis.com\/js\/300\/addthis_widget.js#pubid=ra-50fc27702fb34fca\"><\/script><\/p>\n<p><span style=\"color: #333399;\">Los desfiles finales ser\u00e1n los d\u00edas 25 y 26 de abril (18 y 20 horas) en los que podr\u00e1n participar las tiendas del centro que as\u00ed lo deseen y culminar\u00e1 con desfiles de <strong>La Gioconda Novias, R\u00edo de la Plata, Melisa Lozano, Gema Mele y Jes\u00fas Segado<\/strong>, de los que puede verse algunos de sus trabajos en la exposici\u00f3n de trajes de alta costura que puede visitarse en el centro tambi\u00e9n hasta este viernes.<\/p>\n<p>Os recuerdo que la iniciativa no pueden inscribirse modelos profesionales, as\u00ed que si os apetece desfilar ya sab\u00e9is donde poder hacerlo con opciones a premios y si no \u00a1apuntaos d\u00f3nde y cu\u00e1ndo poder ver a algunos de los dise\u00f1adores m\u00e1s destacados de la moda malague\u00f1a! <\/span><\/p>\n","protected":false},"excerpt":{"rendered":"<p>\u00a1Ojo! Si te gustar\u00eda saber qu\u00e9 sienten las modelos al desfilar en las pasarelas, recuerda que tienes una oportunidad de experimentar esa sensaci\u00f3n en la segunda edici\u00f3n de la Fashion Week de Vialia, y adem\u00e1s puedes conseguir premios. El \u00faltimo d\u00eda para apuntarse a esta iniciativa es este viernes, 19 de abril, y la convocatoria [&hellip;]<\/p>\n","protected":false},"author":24,"featured_media":0,"comment_status":"open","ping_status":"closed","sticky":false,"template":"","format":"standard","meta":[],"categories":[2],"tags":[1084,1538,1759,1870,2160,2523,3246,3876,3877],"_links":{"self":[{"href":"https:\/\/blogs.diariosur.es\/-que-le-compro-\/wp-json\/wp\/v2\/posts\/1906"}],"collection":[{"href":"https:\/\/blogs.diariosur.es\/-que-le-compro-\/wp-json\/wp\/v2\/posts"}],"about":[{"href":"https:\/\/blogs.diariosur.es\/-que-le-compro-\/wp-json\/wp\/v2\/types\/post"}],"author":[{"embeddable":true,"href":"https:\/\/blogs.diariosur.es\/-que-le-compro-\/wp-json\/wp\/v2\/users\/24"}],"replies":[{"embeddable":true,"href":"https:\/\/blogs.diariosur.es\/-que-le-compro-\/wp-json\/wp\/v2\/comments?post=1906"}],"version-history":[{"count":0,"href":"https:\/\/blogs.diariosur.es\/-que-le-compro-\/wp-json\/wp\/v2\/posts\/1906\/revisions"}],"wp:attachment":[{"href":"https:\/\/blogs.diariosur.es\/-que-le-compro-\/wp-json\/wp\/v2\/media?parent=1906"}],"wp:term":[{"taxonomy":"category","embeddable":true,"href":"https:\/\/blogs.diariosur.es\/-que-le-compro-\/wp-json\/wp\/v2\/categories?post=1906"},{"taxonomy":"post_tag","embeddable":true,"href":"https:\/\/blogs.diariosur.es\/-que-le-compro-\/wp-json\/wp\/v2\/tags?post=1906"}],"curies":[{"name":"wp","href":"https:\/\/api.w.org\/{rel}","templated":true}]}}