{"id":1910,"date":"2013-04-22T08:44:57","date_gmt":"2013-04-22T06:44:57","guid":{"rendered":"http:\/\/blogs.diariosur.es\/-que-le-compro-\/?p=1910"},"modified":"2013-04-22T08:44:57","modified_gmt":"2013-04-22T06:44:57","slug":"donacion-de-libros-en-larios-centro-hasta-el-27-de-abril","status":"publish","type":"post","link":"https:\/\/blogs.diariosur.es\/-que-le-compro-\/2013\/04\/22\/donacion-de-libros-en-larios-centro-hasta-el-27-de-abril\/","title":{"rendered":"Donaci\u00f3n de Libros en Larios Centro, hasta el 27 de abril"},"content":{"rendered":"<p><img loading=\"lazy\" class=\"aligncenter size-full wp-image-1913\" title=\"Donaci\u00f3n de libros en el Larios con la Fundaci\u00f3n Alonso Quijano\" src=\"\/-que-le-compro-\/wp-content\/uploads\/sites\/19\/2013\/04\/donacion-libros1.jpg\" alt=\"Donaci\u00f3n de libros en el Larios con la Fundaci\u00f3n Alonso Quijano\" width=\"450\" height=\"309\" srcset=\"https:\/\/static-blogs.diariosur.es\/wp-content\/uploads\/sites\/19\/2013\/04\/donacion-libros1.jpg 450w, https:\/\/static-blogs.diariosur.es\/wp-content\/uploads\/sites\/19\/2013\/04\/donacion-libros1-300x206.jpg 300w\" sizes=\"(max-width: 450px) 100vw, 450px\" \/><\/p>\n<p><span style=\"color: #333399;\">Si tienes libros en casa que ya no sabes qu\u00e9 hacer con ellos, no los tires. Ll\u00e9valos al centro comercial Larios Centro, porque hasta el pr\u00f3ximo d\u00eda 27 ponen en marcha su segunda donaci\u00f3n de libros con la colaboraci\u00f3n de la <strong>Fundaci\u00f3n Alonso Quijano.<\/strong><\/span><\/p>\n<p><span style=\"color: #333399;\">De este modo, <strong>por cada dos libros que dejes podr\u00e1s llevarte otro<\/strong>\u00a0a cambio, una idea que en su primera edici\u00f3n el a\u00f1o pasado tuvo una gran acogida, puesto que se recogieron 650 libros. Pod\u00e9is cambiar las publicaciones durante todo el d\u00eda (de nueve de la ma\u00f1ana a diez de la noche), en el stand de la planta alta ubicado junto a los ascensores.<\/span><\/p>\n<p><script type=\"text\/javascript\">var addthis_config = {\"data_track_clickback\":true,\"data_track_addressbar\":false,\"data_track_textcopy\":false,\"ui_atversion\":\"300\"}; var addthis_product = 'wpp-3.0.2';<\/script><script type=\"text\/javascript\" src=\"\/\/s7.addthis.com\/js\/300\/addthis_widget.js#pubid=ra-50fc27702fb34fca\"><\/script><\/p>\n<p><span style=\"color: #333399;\">\u00a1Que no se os pase!<\/span><\/p>\n<p>&nbsp;<\/p>\n","protected":false},"excerpt":{"rendered":"<p>Si tienes libros en casa que ya no sabes qu\u00e9 hacer con ellos, no los tires. Ll\u00e9valos al centro comercial Larios Centro, porque hasta el pr\u00f3ximo d\u00eda 27 ponen en marcha su segunda donaci\u00f3n de libros con la colaboraci\u00f3n de la Fundaci\u00f3n Alonso Quijano. De este modo, por cada dos libros que dejes podr\u00e1s llevarte [&hellip;]<\/p>\n","protected":false},"author":24,"featured_media":0,"comment_status":"open","ping_status":"closed","sticky":false,"template":"","format":"standard","meta":[],"categories":[2],"tags":[1164,1492,1937,3341],"_links":{"self":[{"href":"https:\/\/blogs.diariosur.es\/-que-le-compro-\/wp-json\/wp\/v2\/posts\/1910"}],"collection":[{"href":"https:\/\/blogs.diariosur.es\/-que-le-compro-\/wp-json\/wp\/v2\/posts"}],"about":[{"href":"https:\/\/blogs.diariosur.es\/-que-le-compro-\/wp-json\/wp\/v2\/types\/post"}],"author":[{"embeddable":true,"href":"https:\/\/blogs.diariosur.es\/-que-le-compro-\/wp-json\/wp\/v2\/users\/24"}],"replies":[{"embeddable":true,"href":"https:\/\/blogs.diariosur.es\/-que-le-compro-\/wp-json\/wp\/v2\/comments?post=1910"}],"version-history":[{"count":0,"href":"https:\/\/blogs.diariosur.es\/-que-le-compro-\/wp-json\/wp\/v2\/posts\/1910\/revisions"}],"wp:attachment":[{"href":"https:\/\/blogs.diariosur.es\/-que-le-compro-\/wp-json\/wp\/v2\/media?parent=1910"}],"wp:term":[{"taxonomy":"category","embeddable":true,"href":"https:\/\/blogs.diariosur.es\/-que-le-compro-\/wp-json\/wp\/v2\/categories?post=1910"},{"taxonomy":"post_tag","embeddable":true,"href":"https:\/\/blogs.diariosur.es\/-que-le-compro-\/wp-json\/wp\/v2\/tags?post=1910"}],"curies":[{"name":"wp","href":"https:\/\/api.w.org\/{rel}","templated":true}]}}