{"id":1927,"date":"2013-05-01T11:38:30","date_gmt":"2013-05-01T09:38:30","guid":{"rendered":"http:\/\/blogs.diariosur.es\/-que-le-compro-\/?p=1927"},"modified":"2013-05-01T11:38:30","modified_gmt":"2013-05-01T09:38:30","slug":"el-mercadillo-cerrado-food-market-empieza-el-11-de-mayo","status":"publish","type":"post","link":"https:\/\/blogs.diariosur.es\/-que-le-compro-\/2013\/05\/01\/el-mercadillo-cerrado-food-market-empieza-el-11-de-mayo\/","title":{"rendered":"El mercadillo Cerrado Food Market empieza el 11 de mayo"},"content":{"rendered":"<p><span style=\"color: #333399;\">La fecha prevista para el estreno era este s\u00e1bado, 4 de mayo, pero por motivos ajenos a la organizaci\u00f3n la cita tiene que posponerse una semana. As\u00ed que os aviso de que el <strong>nuevo mercadillo de alimentaci\u00f3n en Cerrado de Calder\u00f3n<\/strong>, el <strong>Cerrado Food Market<\/strong>, debutar\u00e1 el pr\u00f3ximo s\u00e1bado 11.<\/span><\/p>\n<p><span style=\"color: #333399;\">Contar\u00e1 con unos 50 participantes que ofrecer\u00e1n distintos art\u00edculos de comida ecol\u00f3gicoa, gourmet, delicatessen as\u00ed como reposter\u00eda creativa y menaje de hogar con un toque chic. Y ser\u00e1 todos los s\u00e1bados por la ma\u00f1ana en el multicentro situado a la entrada de la urbanizaci\u00f3n, en calle Rodeo.<\/span><\/p>\n<p><span style=\"color: #333399;\">Ya sab\u00e9is, recordad que el debut ser\u00e1 dentro de una semana: \u00a1avisados qued\u00e1is!<\/span><\/p>\n<p>&nbsp;<\/p>\n<p><script type=\"text\/javascript\">var addthis_config = {\"data_track_clickback\":true,\"data_track_addressbar\":false,\"data_track_textcopy\":false,\"ui_atversion\":\"300\"}; var addthis_product = 'wpp-3.0.2';<\/script><script type=\"text\/javascript\" src=\"\/\/s7.addthis.com\/js\/300\/addthis_widget.js#pubid=ra-50fc27702fb34fca\"><\/script><\/p>\n<p><img loading=\"lazy\" class=\"size-full wp-image-1928 aligncenter\" title=\"Cerrado Food Market, nuevo mercadillo de alimentaci\u00f3n\" src=\"\/-que-le-compro-\/wp-content\/uploads\/sites\/19\/2013\/05\/mercadillo-cerrado-blog.jpg\" alt=\"Cerrado Food Market, nuevo mercadillo de alimentaci\u00f3n\" width=\"450\" height=\"400\" srcset=\"https:\/\/static-blogs.diariosur.es\/wp-content\/uploads\/sites\/19\/2013\/05\/mercadillo-cerrado-blog.jpg 450w, https:\/\/static-blogs.diariosur.es\/wp-content\/uploads\/sites\/19\/2013\/05\/mercadillo-cerrado-blog-300x267.jpg 300w\" sizes=\"(max-width: 450px) 100vw, 450px\" \/><\/p>\n","protected":false},"excerpt":{"rendered":"<p>La fecha prevista para el estreno era este s\u00e1bado, 4 de mayo, pero por motivos ajenos a la organizaci\u00f3n la cita tiene que posponerse una semana. As\u00ed que os aviso de que el nuevo mercadillo de alimentaci\u00f3n en Cerrado de Calder\u00f3n, el Cerrado Food Market, debutar\u00e1 el pr\u00f3ximo s\u00e1bado 11. Contar\u00e1 con unos 50 participantes [&hellip;]<\/p>\n","protected":false},"author":24,"featured_media":0,"comment_status":"open","ping_status":"open","sticky":false,"template":"","format":"standard","meta":[],"categories":[4],"tags":[152,270,718,1038,2238],"_links":{"self":[{"href":"https:\/\/blogs.diariosur.es\/-que-le-compro-\/wp-json\/wp\/v2\/posts\/1927"}],"collection":[{"href":"https:\/\/blogs.diariosur.es\/-que-le-compro-\/wp-json\/wp\/v2\/posts"}],"about":[{"href":"https:\/\/blogs.diariosur.es\/-que-le-compro-\/wp-json\/wp\/v2\/types\/post"}],"author":[{"embeddable":true,"href":"https:\/\/blogs.diariosur.es\/-que-le-compro-\/wp-json\/wp\/v2\/users\/24"}],"replies":[{"embeddable":true,"href":"https:\/\/blogs.diariosur.es\/-que-le-compro-\/wp-json\/wp\/v2\/comments?post=1927"}],"version-history":[{"count":0,"href":"https:\/\/blogs.diariosur.es\/-que-le-compro-\/wp-json\/wp\/v2\/posts\/1927\/revisions"}],"wp:attachment":[{"href":"https:\/\/blogs.diariosur.es\/-que-le-compro-\/wp-json\/wp\/v2\/media?parent=1927"}],"wp:term":[{"taxonomy":"category","embeddable":true,"href":"https:\/\/blogs.diariosur.es\/-que-le-compro-\/wp-json\/wp\/v2\/categories?post=1927"},{"taxonomy":"post_tag","embeddable":true,"href":"https:\/\/blogs.diariosur.es\/-que-le-compro-\/wp-json\/wp\/v2\/tags?post=1927"}],"curies":[{"name":"wp","href":"https:\/\/api.w.org\/{rel}","templated":true}]}}