{"id":1930,"date":"2013-05-03T14:05:48","date_gmt":"2013-05-03T12:05:48","guid":{"rendered":"http:\/\/blogs.diariosur.es\/-que-le-compro-\/?p=1930"},"modified":"2013-05-03T14:05:48","modified_gmt":"2013-05-03T12:05:48","slug":"ii-puerto-marina-market-artesania-decoracion-y-moda-en-benalmadena","status":"publish","type":"post","link":"https:\/\/blogs.diariosur.es\/-que-le-compro-\/2013\/05\/03\/ii-puerto-marina-market-artesania-decoracion-y-moda-en-benalmadena\/","title":{"rendered":"II Puerto Marina Market: artesan\u00eda, decoraci\u00f3n y moda en Benalm\u00e1dena"},"content":{"rendered":"<p><img loading=\"lazy\" class=\"size-full wp-image-1931 aligncenter\" title=\"Puerto Marina Market, s\u00e1bado 4 de mayo\" src=\"\/-que-le-compro-\/wp-content\/uploads\/sites\/19\/2013\/05\/puerto-marina-market.jpg\" alt=\"Puerto Marina Market, s\u00e1bado 4 de mayo\" width=\"500\" height=\"335\" srcset=\"https:\/\/static-blogs.diariosur.es\/wp-content\/uploads\/sites\/19\/2013\/05\/puerto-marina-market.jpg 500w, https:\/\/static-blogs.diariosur.es\/wp-content\/uploads\/sites\/19\/2013\/05\/puerto-marina-market-300x201.jpg 300w\" sizes=\"(max-width: 500px) 100vw, 500px\" \/><\/p>\n<p><span style=\"color: #333399;\">Moda, complementos, artesan\u00eda, decoraci\u00f3n.. en un marco exclusivo, el coraz\u00f3n de Puerto Marina, en Benalm\u00e1dena. Este s\u00e1bado, al ser el primero de mes, acude a su cita <strong>Puerto Marina Market<\/strong>. Se celebrar\u00e1 de once de la ma\u00f1ana a cuatro de la tarde al final de la calle Fragata, junto el primer parking privado del recinto y si lloviera (que esperemos que no) la convocatoria se trasladar\u00eda al siguiente s\u00e1bado, d\u00eda 11.<\/span><\/p>\n<p><span style=\"color: #333399;\">Por cierto que ser\u00e1 la pen\u00faltima vez que tenga este horario, ya que en julio y agosto est\u00e1 previsto que este mercadillo se celebre por la noche, de siete de la tarde a doce de la noche.<\/span><\/p>\n<p><script type=\"text\/javascript\">var addthis_config = {\"data_track_clickback\":true,\"data_track_addressbar\":false,\"data_track_textcopy\":false,\"ui_atversion\":\"300\"}; var addthis_product = 'wpp-3.0.2';<\/script><script type=\"text\/javascript\" src=\"\/\/s7.addthis.com\/js\/300\/addthis_widget.js#pubid=ra-50fc27702fb34fca\"><\/script><\/p>\n<p><span style=\"color: #333399;\">Si qu\u00e9reis recordar c\u00f3mo fue la primera edici\u00f3n de este mercadillo y ver algunas fotos, s\u00f3lo ten\u00e9is que <a href=\"https:\/\/blogs.diariosur.es\/-que-le-compro-\/2013\/04\/08\/fotos-del-estreno-de-puerto-marina-market\/\"><span style=\"color: #333399;\">pinchar aqu\u00ed: <strong>Fotos del estreno de Puerto Marina Market<\/strong><\/span><\/a><\/span><\/p>\n","protected":false},"excerpt":{"rendered":"<p>Moda, complementos, artesan\u00eda, decoraci\u00f3n.. en un marco exclusivo, el coraz\u00f3n de Puerto Marina, en Benalm\u00e1dena. Este s\u00e1bado, al ser el primero de mes, acude a su cita Puerto Marina Market. Se celebrar\u00e1 de once de la ma\u00f1ana a cuatro de la tarde al final de la calle Fragata, junto el primer parking privado del recinto [&hellip;]<\/p>\n","protected":false},"author":24,"featured_media":0,"comment_status":"open","ping_status":"open","sticky":false,"template":"","format":"standard","meta":[],"categories":[3,4],"tags":[545,2274,3066,3837],"_links":{"self":[{"href":"https:\/\/blogs.diariosur.es\/-que-le-compro-\/wp-json\/wp\/v2\/posts\/1930"}],"collection":[{"href":"https:\/\/blogs.diariosur.es\/-que-le-compro-\/wp-json\/wp\/v2\/posts"}],"about":[{"href":"https:\/\/blogs.diariosur.es\/-que-le-compro-\/wp-json\/wp\/v2\/types\/post"}],"author":[{"embeddable":true,"href":"https:\/\/blogs.diariosur.es\/-que-le-compro-\/wp-json\/wp\/v2\/users\/24"}],"replies":[{"embeddable":true,"href":"https:\/\/blogs.diariosur.es\/-que-le-compro-\/wp-json\/wp\/v2\/comments?post=1930"}],"version-history":[{"count":0,"href":"https:\/\/blogs.diariosur.es\/-que-le-compro-\/wp-json\/wp\/v2\/posts\/1930\/revisions"}],"wp:attachment":[{"href":"https:\/\/blogs.diariosur.es\/-que-le-compro-\/wp-json\/wp\/v2\/media?parent=1930"}],"wp:term":[{"taxonomy":"category","embeddable":true,"href":"https:\/\/blogs.diariosur.es\/-que-le-compro-\/wp-json\/wp\/v2\/categories?post=1930"},{"taxonomy":"post_tag","embeddable":true,"href":"https:\/\/blogs.diariosur.es\/-que-le-compro-\/wp-json\/wp\/v2\/tags?post=1930"}],"curies":[{"name":"wp","href":"https:\/\/api.w.org\/{rel}","templated":true}]}}