{"id":1935,"date":"2013-05-04T21:36:32","date_gmt":"2013-05-04T19:36:32","guid":{"rendered":"http:\/\/blogs.diariosur.es\/-que-le-compro-\/?p=1935"},"modified":"2013-05-04T21:36:32","modified_gmt":"2013-05-04T19:36:32","slug":"mercadillo-banos-del-carmen-en-el-palo-especial-dia-de-la-madre","status":"publish","type":"post","link":"https:\/\/blogs.diariosur.es\/-que-le-compro-\/2013\/05\/04\/mercadillo-banos-del-carmen-en-el-palo-especial-dia-de-la-madre\/","title":{"rendered":"Mercadillo Ba\u00f1os del Carmen en El Palo, especial d\u00eda de la madre"},"content":{"rendered":"<p><img loading=\"lazy\" class=\"aligncenter size-full wp-image-1936\" title=\"Mercadillo Ba\u00f1os del Carmen, 5 de mayo\" src=\"\/-que-le-compro-\/wp-content\/uploads\/sites\/19\/2013\/05\/mercadillo-mayo.jpg\" alt=\"Mercadillo Ba\u00f1os del Carmen, 5 de mayo\" width=\"414\" height=\"266\" srcset=\"https:\/\/static-blogs.diariosur.es\/wp-content\/uploads\/sites\/19\/2013\/05\/mercadillo-mayo.jpg 414w, https:\/\/static-blogs.diariosur.es\/wp-content\/uploads\/sites\/19\/2013\/05\/mercadillo-mayo-300x193.jpg 300w\" sizes=\"(max-width: 414px) 100vw, 414px\" \/><\/p>\n<p><span style=\"color: #333399;\">Ya que ha coincidido, es una gran oportunidad para que los despistados, aquell@s a los que se les haya echado el tiempo encima, encuentren un regalo original para regalar a mam\u00e1. Porque este domingo acude fiel a su cita el mercadillo artesanal Ba\u00f1os del Carmen, que ya sab\u00e9is que toma el <strong>paseo mar\u00edtimo de El Palo<\/strong> de <span style=\"text-decoration: underline;\">diez de la ma\u00f1ana a tres de la tarde.<\/span><\/span><\/p>\n<p><span style=\"color: #333399;\">Adem\u00e1s de la amplia variedad en art\u00edculos de moda y complementos, decoraci\u00f3n o pintura en esta ocasi\u00f3n adem\u00e1s habr\u00e1 un <span style=\"font-size: medium;\">cuentacuentos<\/span> a cargo de Olga Nasdrovia para toda la familia a partir de las 12 de la ma\u00f1ana en La casita gastrobar.<\/span><\/p>\n<p><a href=\"\/-que-le-compro-\/wp-content\/uploads\/sites\/19\/2013\/05\/cuentacuentos.jpg\"><img loading=\"lazy\" class=\"aligncenter size-full wp-image-1937\" title=\"Cuentacuentos en el mercadillo BC\" src=\"\/-que-le-compro-\/wp-content\/uploads\/sites\/19\/2013\/05\/cuentacuentos.jpg\" alt=\"Cuentacuentos en el mercadillo BC\" width=\"450\" height=\"600\" srcset=\"https:\/\/static-blogs.diariosur.es\/wp-content\/uploads\/sites\/19\/2013\/05\/cuentacuentos.jpg 450w, https:\/\/static-blogs.diariosur.es\/wp-content\/uploads\/sites\/19\/2013\/05\/cuentacuentos-225x300.jpg 225w\" sizes=\"(max-width: 450px) 100vw, 450px\" \/><\/a><\/p>\n<p><script type=\"text\/javascript\">var addthis_config = {\"data_track_clickback\":true,\"data_track_addressbar\":false,\"data_track_textcopy\":false,\"ui_atversion\":\"300\"}; var addthis_product = 'wpp-3.0.2';<\/script><script type=\"text\/javascript\" src=\"\/\/s7.addthis.com\/js\/300\/addthis_widget.js#pubid=ra-50fc27702fb34fca\"><\/script><\/p>\n<p><span style=\"color: #333399;\">Y por cierto, \u00a1\u00a1feliz d\u00eda a todas las madres!!<\/span><\/p>\n","protected":false},"excerpt":{"rendered":"<p>Ya que ha coincidido, es una gran oportunidad para que los despistados, aquell@s a los que se les haya echado el tiempo encima, encuentren un regalo original para regalar a mam\u00e1. Porque este domingo acude fiel a su cita el mercadillo artesanal Ba\u00f1os del Carmen, que ya sab\u00e9is que toma el paseo mar\u00edtimo de El [&hellip;]<\/p>\n","protected":false},"author":24,"featured_media":0,"comment_status":"open","ping_status":"open","sticky":false,"template":"","format":"standard","meta":[],"categories":[4,6],"tags":[448,974,2181,2182,3201],"_links":{"self":[{"href":"https:\/\/blogs.diariosur.es\/-que-le-compro-\/wp-json\/wp\/v2\/posts\/1935"}],"collection":[{"href":"https:\/\/blogs.diariosur.es\/-que-le-compro-\/wp-json\/wp\/v2\/posts"}],"about":[{"href":"https:\/\/blogs.diariosur.es\/-que-le-compro-\/wp-json\/wp\/v2\/types\/post"}],"author":[{"embeddable":true,"href":"https:\/\/blogs.diariosur.es\/-que-le-compro-\/wp-json\/wp\/v2\/users\/24"}],"replies":[{"embeddable":true,"href":"https:\/\/blogs.diariosur.es\/-que-le-compro-\/wp-json\/wp\/v2\/comments?post=1935"}],"version-history":[{"count":0,"href":"https:\/\/blogs.diariosur.es\/-que-le-compro-\/wp-json\/wp\/v2\/posts\/1935\/revisions"}],"wp:attachment":[{"href":"https:\/\/blogs.diariosur.es\/-que-le-compro-\/wp-json\/wp\/v2\/media?parent=1935"}],"wp:term":[{"taxonomy":"category","embeddable":true,"href":"https:\/\/blogs.diariosur.es\/-que-le-compro-\/wp-json\/wp\/v2\/categories?post=1935"},{"taxonomy":"post_tag","embeddable":true,"href":"https:\/\/blogs.diariosur.es\/-que-le-compro-\/wp-json\/wp\/v2\/tags?post=1935"}],"curies":[{"name":"wp","href":"https:\/\/api.w.org\/{rel}","templated":true}]}}