{"id":1939,"date":"2013-05-03T19:28:48","date_gmt":"2013-05-03T17:28:48","guid":{"rendered":"http:\/\/blogs.diariosur.es\/-que-le-compro-\/?p=1939"},"modified":"2013-05-03T19:28:48","modified_gmt":"2013-05-03T17:28:48","slug":"regalos-para-el-dia-de-la-madre-ideas-originales-para-sorprender","status":"publish","type":"post","link":"https:\/\/blogs.diariosur.es\/-que-le-compro-\/2013\/05\/03\/regalos-para-el-dia-de-la-madre-ideas-originales-para-sorprender\/","title":{"rendered":"Regalos para el d\u00eda de la madre, ideas originales para sorprender"},"content":{"rendered":"<p><span style=\"color: #333399;\">Llega una de esas fechas del a\u00f1o en las que se multiplican las ventas de flores, perfumes y bombones como pocas veces. Porque este domingo, 5 de mayo, se celebra el D\u00eda de la Madre, as\u00ed que son muchos los que intentan tener un detalle con sus progenitoras e intentar sorprenderlas.<\/span><\/p>\n<p><span style=\"color: #333399;\">Tambi\u00e9n es uno de los d\u00edas, con permiso de San Valent\u00edn, en los que m\u00e1s <span style=\"font-size: medium;\">joyas<\/span> se venden, as\u00ed que si quer\u00e9is elegir esta opci\u00f3n pero no os quer\u00e9is dejar demasiado en el intento, pod\u00e9is mirad las piezas especiales que con esta efem\u00e9ride lanzan, entre otras Agatha (como las pulseras que pod\u00e9is ver bajo estas l\u00edneas), Swarovski o Tous, que como siempre cuenta con una colecci\u00f3n de distintos complementos seg\u00fan el presupuesto y el gusto de cada uno.<\/span><\/p>\n<p><img loading=\"lazy\" class=\"size-full wp-image-1940\" title=\"Pulseras Agatha para el d\u00eda de la madre\" src=\"\/-que-le-compro-\/wp-content\/uploads\/sites\/19\/2013\/05\/pulseras-agatha.blog_.jpg\" alt=\"Pulseras Agatha para el d\u00eda de la madre\" width=\"600\" height=\"374\" srcset=\"https:\/\/static-blogs.diariosur.es\/wp-content\/uploads\/sites\/19\/2013\/05\/pulseras-agatha.blog_.jpg 600w, https:\/\/static-blogs.diariosur.es\/wp-content\/uploads\/sites\/19\/2013\/05\/pulseras-agatha.blog_-300x187.jpg 300w\" sizes=\"(max-width: 600px) 100vw, 600px\" \/><\/p>\n<p>&nbsp;<\/p>\n<p><span style=\"color: #333399;\">Los <span style=\"font-size: medium;\">art\u00edculos personalizados con fotos<\/span> es tambi\u00e9n una idea entra\u00f1able para este d\u00eda y no demasiado cara, y adem\u00e1s hay mucho donde elegir, como pod\u00e9is comprobar en esta <strong><a href=\"http:\/\/www.regalosconfoto.com\/\" rel=\"external nofollow\"><span style=\"color: #333399;\">p\u00e1gina web<\/span><\/a>\u00a0<\/strong>de regalos con foto.<\/span><\/p>\n<p><span style=\"color: #333399;\">Y si ten\u00e9is poco tiempo para buscar y\/o quer\u00e9is algo realmente original y \u00fanico, seguro que pod\u00e9is encontrar un detalle en la muestra artesanal de <strong>Craftsma (Crafts Market M\u00e1laga)<\/strong> que este s\u00e1bado vuelve a la plaza de la Merced de 10.30 a 17 horas, con el handmade y la creatividad de los j\u00f3venes dise\u00f1adores de M\u00e1laga como protagonistas, ya sab\u00e9is.\u00a0<\/span><\/p>\n<p><img loading=\"lazy\" class=\"size-full wp-image-1941\" title=\"Craftsma plaza de la Merced, 4 de mayo\" src=\"\/-que-le-compro-\/wp-content\/uploads\/sites\/19\/2013\/05\/craftsma-madre.jpg\" alt=\"Craftsma plaza de la Merced, 4 de mayo\" width=\"600\" height=\"752\" srcset=\"https:\/\/static-blogs.diariosur.es\/wp-content\/uploads\/sites\/19\/2013\/05\/craftsma-madre.jpg 600w, https:\/\/static-blogs.diariosur.es\/wp-content\/uploads\/sites\/19\/2013\/05\/craftsma-madre-239x300.jpg 239w\" sizes=\"(max-width: 600px) 100vw, 600px\" \/><\/p>\n<p>&nbsp;<\/p>\n<p><span style=\"color: #333399;\">Tambi\u00e9n muy recomendable es optar por un pack de La vida es bella, Barcel\u00f3 \u00a0o las varias que pueden adquirirse en tiendas como Fnac, Carrefour o agencias de viaje (individual o para parejas) y sino por uno de los preciosos y originales ramos de la Frurister\u00eda G&#038;D, en La Malagueta, como por ejemplo este (foto de su p\u00e1gina web):<\/span><\/p>\n<p><script type=\"text\/javascript\">var addthis_config = {\"data_track_clickback\":true,\"data_track_addressbar\":false,\"data_track_textcopy\":false,\"ui_atversion\":\"300\"}; var addthis_product = 'wpp-3.0.2';<\/script><script type=\"text\/javascript\" src=\"\/\/s7.addthis.com\/js\/300\/addthis_widget.js#pubid=ra-50fc27702fb34fca\"><\/script><\/p>\n<p><a href=\"\/-que-le-compro-\/wp-content\/uploads\/sites\/19\/2013\/05\/ramo2-blog.jpg\"><img loading=\"lazy\" class=\"aligncenter size-full wp-image-1942\" title=\"ramo2-blog\" src=\"\/-que-le-compro-\/wp-content\/uploads\/sites\/19\/2013\/05\/ramo2-blog.jpg\" alt=\"\" width=\"600\" height=\"600\" srcset=\"https:\/\/static-blogs.diariosur.es\/wp-content\/uploads\/sites\/19\/2013\/05\/ramo2-blog.jpg 600w, https:\/\/static-blogs.diariosur.es\/wp-content\/uploads\/sites\/19\/2013\/05\/ramo2-blog-150x150.jpg 150w, https:\/\/static-blogs.diariosur.es\/wp-content\/uploads\/sites\/19\/2013\/05\/ramo2-blog-300x300.jpg 300w\" sizes=\"(max-width: 600px) 100vw, 600px\" \/><\/a><\/p>\n<p>&nbsp;<\/p>\n","protected":false},"excerpt":{"rendered":"<p>Llega una de esas fechas del a\u00f1o en las que se multiplican las ventas de flores, perfumes y bombones como pocas veces. Porque este domingo, 5 de mayo, se celebra el D\u00eda de la Madre, as\u00ed que son muchos los que intentan tener un detalle con sus progenitoras e intentar sorprenderlas. Tambi\u00e9n es uno de [&hellip;]<\/p>\n","protected":false},"author":24,"featured_media":0,"comment_status":"open","ping_status":"open","sticky":false,"template":"","format":"standard","meta":[],"categories":[4,6,7],"tags":[60,940,3201,3209],"_links":{"self":[{"href":"https:\/\/blogs.diariosur.es\/-que-le-compro-\/wp-json\/wp\/v2\/posts\/1939"}],"collection":[{"href":"https:\/\/blogs.diariosur.es\/-que-le-compro-\/wp-json\/wp\/v2\/posts"}],"about":[{"href":"https:\/\/blogs.diariosur.es\/-que-le-compro-\/wp-json\/wp\/v2\/types\/post"}],"author":[{"embeddable":true,"href":"https:\/\/blogs.diariosur.es\/-que-le-compro-\/wp-json\/wp\/v2\/users\/24"}],"replies":[{"embeddable":true,"href":"https:\/\/blogs.diariosur.es\/-que-le-compro-\/wp-json\/wp\/v2\/comments?post=1939"}],"version-history":[{"count":0,"href":"https:\/\/blogs.diariosur.es\/-que-le-compro-\/wp-json\/wp\/v2\/posts\/1939\/revisions"}],"wp:attachment":[{"href":"https:\/\/blogs.diariosur.es\/-que-le-compro-\/wp-json\/wp\/v2\/media?parent=1939"}],"wp:term":[{"taxonomy":"category","embeddable":true,"href":"https:\/\/blogs.diariosur.es\/-que-le-compro-\/wp-json\/wp\/v2\/categories?post=1939"},{"taxonomy":"post_tag","embeddable":true,"href":"https:\/\/blogs.diariosur.es\/-que-le-compro-\/wp-json\/wp\/v2\/tags?post=1939"}],"curies":[{"name":"wp","href":"https:\/\/api.w.org\/{rel}","templated":true}]}}