{"id":1954,"date":"2013-05-09T19:09:07","date_gmt":"2013-05-09T17:09:07","guid":{"rendered":"http:\/\/blogs.diariosur.es\/-que-le-compro-\/?p=1954"},"modified":"2013-05-09T19:09:07","modified_gmt":"2013-05-09T17:09:07","slug":"recogida-solidaria-de-alimentos-en-carrefour-market-viernes-y-sabado","status":"publish","type":"post","link":"https:\/\/blogs.diariosur.es\/-que-le-compro-\/2013\/05\/09\/recogida-solidaria-de-alimentos-en-carrefour-market-viernes-y-sabado\/","title":{"rendered":"Recogida solidaria de alimentos en Carrefour Market, viernes y s\u00e1bado"},"content":{"rendered":"<p><span style=\"color: #333399;\">\u00a1Atenci\u00f3n! Si este viernes y s\u00e1bado vas a los centros de Carrefour Market en M\u00e1laga, intenta llevarte algo m\u00e1s de lo que aparezca en tu lista de la compra, ya que estos hipermercados participan en\u00a0\u00a0la Jornada Nacional de Recogida de Alimentos que organiza la Fundaci\u00f3n Solidaridad Carrefour, en colaboraci\u00f3n con la Federaci\u00f3n Espa\u00f1ola de Bancos de Alimentos (FESBAL).<\/span><\/p>\n<p><span style=\"color: #333399;\">El objetivo de este programa, que se desarrolla en 107 supermercados Carrefour de toda Espa\u00f1a, es paliar las necesidades de las personas y familias que atraviesan momentos de dificultad econ\u00f3mica y se encuentran en situaci\u00f3n de desventaja social.<\/span><\/p>\n<p><span style=\"color: #333399;\">El compromiso de la compa\u00f1\u00eda a nivel nacional ser\u00e1 la donaci\u00f3n de 80 toneladas de alimentos. Para ello, cada uno de los centros Carrefour Market participantes en la jornada entregar\u00e1 m\u00e1s de media tonelada de alimentos, que se sumar\u00e1n a la cantidad que los clientes aporten.<\/span><\/p>\n<p><span style=\"color: #333399;\">As\u00ed, en los supermercados Carrefour de Antequera, Arroyo de la Miel, Cartama, Reserva del Higuer\u00f3n y Estepona, voluntarios de las dos entidades ser\u00e1n los responsables de recoger los productos para, posteriormente, entregarlos \u00a0al Banco de Alimentos de M\u00e1laga (Bancosol), que ser\u00e1 el encargado de repartirlos entre los m\u00e1s necesitados.<\/span><\/p>\n<p><script type=\"text\/javascript\">var addthis_config = {\"data_track_clickback\":true,\"data_track_addressbar\":false,\"data_track_textcopy\":false,\"ui_atversion\":\"300\"}; var addthis_product = 'wpp-3.0.2';<\/script><script type=\"text\/javascript\" src=\"\/\/s7.addthis.com\/js\/300\/addthis_widget.js#pubid=ra-50fc27702fb34fca\"><\/script><\/p>\n<p><span style=\"color: #333399;\">En 2012 la Fundaci\u00f3n Solidaridad Carrefour entreg\u00f3 a FESBAL un total de 4.161.013 kilos de alimentos. De esta cantidad, 3.120.797 kilos (75%) procedieron de la donaci\u00f3n directa de Carrefour y 1.040.216 kilos (25%) correspondieron a la donaci\u00f3n ciudadana, a trav\u00e9s de las dos jornadas nacionales de recogida de alimentos, celebradas en los meses de mayo y diciembre, en las que Carrefour duplica la cantidad de productos entregados por sus clientes.<\/span><\/p>\n","protected":false},"excerpt":{"rendered":"<p>\u00a1Atenci\u00f3n! Si este viernes y s\u00e1bado vas a los centros de Carrefour Market en M\u00e1laga, intenta llevarte algo m\u00e1s de lo que aparezca en tu lista de la compra, ya que estos hipermercados participan en\u00a0\u00a0la Jornada Nacional de Recogida de Alimentos que organiza la Fundaci\u00f3n Solidaridad Carrefour, en colaboraci\u00f3n con la Federaci\u00f3n Espa\u00f1ola de Bancos [&hellip;]<\/p>\n","protected":false},"author":24,"featured_media":0,"comment_status":"open","ping_status":"open","sticky":false,"template":"","format":"standard","meta":[],"categories":[2,7],"tags":[368,631,1387,3165],"_links":{"self":[{"href":"https:\/\/blogs.diariosur.es\/-que-le-compro-\/wp-json\/wp\/v2\/posts\/1954"}],"collection":[{"href":"https:\/\/blogs.diariosur.es\/-que-le-compro-\/wp-json\/wp\/v2\/posts"}],"about":[{"href":"https:\/\/blogs.diariosur.es\/-que-le-compro-\/wp-json\/wp\/v2\/types\/post"}],"author":[{"embeddable":true,"href":"https:\/\/blogs.diariosur.es\/-que-le-compro-\/wp-json\/wp\/v2\/users\/24"}],"replies":[{"embeddable":true,"href":"https:\/\/blogs.diariosur.es\/-que-le-compro-\/wp-json\/wp\/v2\/comments?post=1954"}],"version-history":[{"count":0,"href":"https:\/\/blogs.diariosur.es\/-que-le-compro-\/wp-json\/wp\/v2\/posts\/1954\/revisions"}],"wp:attachment":[{"href":"https:\/\/blogs.diariosur.es\/-que-le-compro-\/wp-json\/wp\/v2\/media?parent=1954"}],"wp:term":[{"taxonomy":"category","embeddable":true,"href":"https:\/\/blogs.diariosur.es\/-que-le-compro-\/wp-json\/wp\/v2\/categories?post=1954"},{"taxonomy":"post_tag","embeddable":true,"href":"https:\/\/blogs.diariosur.es\/-que-le-compro-\/wp-json\/wp\/v2\/tags?post=1954"}],"curies":[{"name":"wp","href":"https:\/\/api.w.org\/{rel}","templated":true}]}}