{"id":1955,"date":"2013-05-11T20:11:05","date_gmt":"2013-05-11T18:11:05","guid":{"rendered":"http:\/\/blogs.diariosur.es\/-que-le-compro-\/?p=1955"},"modified":"2013-05-11T20:11:05","modified_gmt":"2013-05-11T18:11:05","slug":"domingo-de-mercadillos-la-virginia-en-marbella-y-zoco-de-muelle-uno","status":"publish","type":"post","link":"https:\/\/blogs.diariosur.es\/-que-le-compro-\/2013\/05\/11\/domingo-de-mercadillos-la-virginia-en-marbella-y-zoco-de-muelle-uno\/","title":{"rendered":"Domingo de mercadillos: La Virginia en Marbella y Zoco de Muelle Uno"},"content":{"rendered":"<p><span style=\"color: #333399;\">Otro domingo en el que tenemos varios mercadillos para visitar en M\u00e1laga, y cada uno en una ubicaci\u00f3n diferente. Por un lado, la urbanizaci\u00f3n <strong>La Virginia (Marbella)<\/strong> acoge su mercadillo de primavera, que en esta ocasi\u00f3n contar\u00e1 con unos 60 puestos. La oferta para comprar es amplia ya que se pueden encontrar antig\u00fcedades, regalos, juguetes, moda, bisuter\u00eda y otros complementos&#8230;. El horario es de once de la ma\u00f1ana a siete de la tarde.<\/span><\/p>\n<p><img loading=\"lazy\" class=\"size-full wp-image-1956 aligncenter\" title=\"Mercadillo La Virginia de Marbella, 12 de mayo\" src=\"\/-que-le-compro-\/wp-content\/uploads\/sites\/19\/2013\/05\/mercadillo-virginia.jpg\" alt=\"Mercadillo La Virginia de Marbella, 12 de mayo\" width=\"471\" height=\"668\" srcset=\"https:\/\/static-blogs.diariosur.es\/wp-content\/uploads\/sites\/19\/2013\/05\/mercadillo-virginia.jpg 471w, https:\/\/static-blogs.diariosur.es\/wp-content\/uploads\/sites\/19\/2013\/05\/mercadillo-virginia-212x300.jpg 212w\" sizes=\"(max-width: 471px) 100vw, 471px\" \/><\/p>\n<p><span style=\"color: #333399;\">Tambi\u00e9n este domingo, ahora en M\u00e1laga capital, vuelve el <strong>Zoco de Muelle Uno<\/strong> al ser el segundo domingo del mes. Ser\u00e1 de once de la ma\u00f1ana a cuatro de la tarde y ya sab\u00e9is que sus especialidades son los art\u00edculos gourmet, la moda, la decoraci\u00f3n y la artesan\u00eda.<\/span><\/p>\n<p><img loading=\"lazy\" class=\"aligncenter size-full wp-image-1958\" title=\"Zoco de Muelle Uno, edici\u00f3n mayo 2013\" src=\"\/-que-le-compro-\/wp-content\/uploads\/sites\/19\/2013\/05\/zoco-muelle1.jpg\" alt=\"Zoco de Muelle Uno, edici\u00f3n mayo 2013\" width=\"550\" height=\"226\" srcset=\"https:\/\/static-blogs.diariosur.es\/wp-content\/uploads\/sites\/19\/2013\/05\/zoco-muelle1.jpg 550w, https:\/\/static-blogs.diariosur.es\/wp-content\/uploads\/sites\/19\/2013\/05\/zoco-muelle1-300x123.jpg 300w\" sizes=\"(max-width: 550px) 100vw, 550px\" \/><\/p>\n<p><span style=\"color: #333399;\">Y paralelamente en Mijas, concretamente en Las Lagunas, junto a la parroquia San Manuel (Avenida de los Lirios s\/n) de once de la ma\u00f1ana a dos de la tarde los productos de la huerta m\u00e1s sanos y ecol\u00f3gicos ser\u00e1n los protagonistas con una nueva edici\u00f3n del mercadillo que organiza la asociaci\u00f3n <strong>Guadalhorce Ecol\u00f3gico<\/strong>.<\/span><\/p>\n<p><script type=\"text\/javascript\">var addthis_config = {\"data_track_clickback\":true,\"data_track_addressbar\":false,\"data_track_textcopy\":false,\"ui_atversion\":\"300\"}; var addthis_product = 'wpp-3.0.2';<\/script><script type=\"text\/javascript\" src=\"\/\/s7.addthis.com\/js\/300\/addthis_widget.js#pubid=ra-50fc27702fb34fca\"><\/script><\/p>\n<p><span style=\"color: #333399;\">\u00a1Que disfrut\u00e9is del domingo!<\/span><\/p>\n","protected":false},"excerpt":{"rendered":"<p>Otro domingo en el que tenemos varios mercadillos para visitar en M\u00e1laga, y cada uno en una ubicaci\u00f3n diferente. Por un lado, la urbanizaci\u00f3n La Virginia (Marbella) acoge su mercadillo de primavera, que en esta ocasi\u00f3n contar\u00e1 con unos 60 puestos. La oferta para comprar es amplia ya que se pueden encontrar antig\u00fcedades, regalos, juguetes, [&hellip;]<\/p>\n","protected":false},"author":24,"featured_media":0,"comment_status":"open","ping_status":"open","sticky":false,"template":"","format":"standard","meta":[],"categories":[3,4],"tags":[1584,2224,2282,2359,3968],"_links":{"self":[{"href":"https:\/\/blogs.diariosur.es\/-que-le-compro-\/wp-json\/wp\/v2\/posts\/1955"}],"collection":[{"href":"https:\/\/blogs.diariosur.es\/-que-le-compro-\/wp-json\/wp\/v2\/posts"}],"about":[{"href":"https:\/\/blogs.diariosur.es\/-que-le-compro-\/wp-json\/wp\/v2\/types\/post"}],"author":[{"embeddable":true,"href":"https:\/\/blogs.diariosur.es\/-que-le-compro-\/wp-json\/wp\/v2\/users\/24"}],"replies":[{"embeddable":true,"href":"https:\/\/blogs.diariosur.es\/-que-le-compro-\/wp-json\/wp\/v2\/comments?post=1955"}],"version-history":[{"count":0,"href":"https:\/\/blogs.diariosur.es\/-que-le-compro-\/wp-json\/wp\/v2\/posts\/1955\/revisions"}],"wp:attachment":[{"href":"https:\/\/blogs.diariosur.es\/-que-le-compro-\/wp-json\/wp\/v2\/media?parent=1955"}],"wp:term":[{"taxonomy":"category","embeddable":true,"href":"https:\/\/blogs.diariosur.es\/-que-le-compro-\/wp-json\/wp\/v2\/categories?post=1955"},{"taxonomy":"post_tag","embeddable":true,"href":"https:\/\/blogs.diariosur.es\/-que-le-compro-\/wp-json\/wp\/v2\/tags?post=1955"}],"curies":[{"name":"wp","href":"https:\/\/api.w.org\/{rel}","templated":true}]}}