{"id":1960,"date":"2013-05-10T16:56:39","date_gmt":"2013-05-10T14:56:39","guid":{"rendered":"http:\/\/blogs.diariosur.es\/-que-le-compro-\/?p=1960"},"modified":"2013-05-10T16:56:39","modified_gmt":"2013-05-10T14:56:39","slug":"mercadillos-cerrado-food-market-ecologico-en-la-malagueta-y-artesanal-en-la-casa-invisible","status":"publish","type":"post","link":"https:\/\/blogs.diariosur.es\/-que-le-compro-\/2013\/05\/10\/mercadillos-cerrado-food-market-ecologico-en-la-malagueta-y-artesanal-en-la-casa-invisible\/","title":{"rendered":"Mercadillos Cerrado Food Market, ecol\u00f3gico en La Malagueta y artesanal en La Casa Invisible"},"content":{"rendered":"<p><span style=\"color: #333399;\">El fin de semana llega a M\u00e1laga cargado de mercadillos, as\u00ed que para dosificaros os cuento los que hay cada d\u00eda por separado para que nadie se l\u00ede. As\u00ed que empezamos por este s\u00e1bado, en el que coinciden tres.<\/span><\/p>\n<p><img loading=\"lazy\" src=\"\/-que-le-compro-\/wp-content\/uploads\/sites\/19\/2013\/05\/cerrado-food-market.jpg\" alt=\"Inauguraci\u00f3n del Cerrado Food Market, 11 de mayo\" title=\"Inauguraci\u00f3n del Cerrado Food Market, 11 de mayo\" width=\"550\" height=\"204\" class=\"aligncenter size-full wp-image-1962\" srcset=\"https:\/\/static-blogs.diariosur.es\/wp-content\/uploads\/sites\/19\/2013\/05\/cerrado-food-market.jpg 550w, https:\/\/static-blogs.diariosur.es\/wp-content\/uploads\/sites\/19\/2013\/05\/cerrado-food-market-300x111.jpg 300w\" sizes=\"(max-width: 550px) 100vw, 550px\" \/><\/p>\n<p><span style=\"color: #333399;\">El primero es nuevo, ya que se estrena el <strong>Cerrado Food Market<\/strong>, que se celebra en la urbanizaci\u00f3n Cerrado de Calder\u00f3n. La alimentaci\u00f3n es la protagonista y se podr\u00e1n adquirir productos de otros pa\u00edses: comida marroqu\u00ed, quesos del mundo, rollitos vietnamitas, cocina mexicana, pan franc\u00e9s, cerveza alemana, y por supuesto distintos productos de nuestra gastronom\u00eda. Entre otros: queso de cabra y chivo malague\u00f1o, productos ecol\u00f3gicos, vino de C\u00f3mpeta, miel y frutos secos. <\/span><\/p>\n<p><img loading=\"lazy\" src=\"\/-que-le-compro-\/wp-content\/uploads\/sites\/19\/2013\/05\/cerrado-tartufo.jpg\" alt=\"Actividades en el I Cerrado Food Market\" title=\"Actividades en el I Cerrado Food Market\" width=\"550\" height=\"206\" class=\"aligncenter size-full wp-image-1963\" srcset=\"https:\/\/static-blogs.diariosur.es\/wp-content\/uploads\/sites\/19\/2013\/05\/cerrado-tartufo.jpg 550w, https:\/\/static-blogs.diariosur.es\/wp-content\/uploads\/sites\/19\/2013\/05\/cerrado-tartufo-300x112.jpg 300w\" sizes=\"(max-width: 550px) 100vw, 550px\" \/><\/p>\n<p><span style=\"color: #333399;\">Adem\u00e1s, \u00a0habr\u00e1 reposter\u00eda de la mano de Dulce y Salado Artesanal y Loleta, quienes han preparado para la ocasi\u00f3n cheescake de Oreo, cake pops, macarons de mantequilla salada y caramelo, mini donuts, alfajores de maizena, brownie, cookies de chocolate blanco y galletas de avena, entre otras recetas; as\u00ed como productos de hojaldre tales como empanadillas, pan brioche, cazuelitas rellenas\u2026 <\/span><\/p>\n<p><span style=\"color: #333399;\">En la inauguraci\u00f3n de este mercadillo, que se celebrar\u00e1 en adelante <span style=\"text-decoration: underline;\">todos los s\u00e1bados de diez de la ma\u00f1ana a tres de la tarde<\/span>, habr\u00e1 una treintena de expositores y adem\u00e1s de alimentaci\u00f3n habr\u00e1 otros expositores dedicados al menaje del hogar, con cer\u00e1mica artesanal de Ceramique Andalouse, delantales, productos de Aloe Vera, jabones artesanales ingleses, sales naturales de ba\u00f1o o flores secas perfumadas. La cita es en el Multicentro de calle Rodeo, a la entrada de la urbanizaci\u00f3n.<\/span><\/p>\n<p><span style=\"color: #333399;\">A partir de las 12.30 horas, en colaboraci\u00f3n con la Helader\u00eda Tartufo, habr\u00e1 <span style=\"font-size: medium;\">degustaci\u00f3n de helado gratis<\/span> y se desarrollar\u00e1 el concurso Bigote Tartufo, en el que se preparar\u00e1n bigotes de cart\u00f3n y se ofrecer\u00e1n a la gente para luego hacerle una foto y subirla a Facebook. As\u00ed, durante una semana los participantes podr\u00e1n votar aquella que les guste m\u00e1s y la foto m\u00e1s votada ganar\u00e1 una tarta mediana de Oreo. El regalo se entregar\u00e1 el pr\u00f3ximo s\u00e1bado 18 de mayo.<\/span><\/p>\n<p><span style=\"color: #333399;\">Una hora m\u00e1s tarde, ser\u00e1 momento de que los m\u00e1s peque\u00f1os disfruten del Cuentacuentos y las actividades que hay preparadas para ellos de la mano de Olga. La cita tendr\u00e1 lugar a las 13.30 horas en la terraza de a helader\u00eda Tartufo.<\/span><br \/>\n<span style=\"color: #333399;\">Asimismo, la jornada estar\u00e1 amenizada por un concierto a cargo del cantante Peter Edgerton.<\/span><\/p>\n<p><span style=\"color: #333399;\">Por su parte, los productos m\u00e1s frescos de la huerta se concentrar\u00e1n en <strong>La Malagueta<\/strong>, que celebra la tercera edici\u00f3n de su mercadillo ecol\u00f3gico organizado por la asociaci\u00f3n <span style=\"font-size: medium;\">Guadalhorce Ecol\u00f3gico<\/span>. La cita es <span style=\"text-decoration: underline;\">de diez de la ma\u00f1ana a dos de la tarde<\/span> y la ubicaci\u00f3n, seg\u00fan nos avisan, no est\u00e1 a\u00fan bien definida, as\u00ed que los puestos estar\u00e1n en el Paseo de Reding pero al principio, en la zona m\u00e1s pr\u00f3xima al Hospital Noble y la Plaza de Toros.\u00a0<\/span><\/p>\n<p><span style=\"color: #333399;\">Para que nadie se pierda, os adjunto la imagen que han enviado para informar de su ubicaci\u00f3n:<\/span><\/p>\n<p><script type=\"text\/javascript\">var addthis_config = {\"data_track_clickback\":true,\"data_track_addressbar\":false,\"data_track_textcopy\":false,\"ui_atversion\":\"300\"}; var addthis_product = 'wpp-3.0.2';<\/script><script type=\"text\/javascript\" src=\"\/\/s7.addthis.com\/js\/300\/addthis_widget.js#pubid=ra-50fc27702fb34fca\"><\/script><\/p>\n<p><img loading=\"lazy\" class=\"aligncenter size-full wp-image-1961\" title=\"Ubicaci\u00f3n mercadillo ecol\u00f3gico de La Malagueta 11 de mayo\" src=\"\/-que-le-compro-\/wp-content\/uploads\/sites\/19\/2013\/05\/ubicacion-mercadillo.jpg\" alt=\"Ubicaci\u00f3n mercadillo ecol\u00f3gico de La Malagueta 11 de mayo\" width=\"550\" height=\"319\" srcset=\"https:\/\/static-blogs.diariosur.es\/wp-content\/uploads\/sites\/19\/2013\/05\/ubicacion-mercadillo.jpg 550w, https:\/\/static-blogs.diariosur.es\/wp-content\/uploads\/sites\/19\/2013\/05\/ubicacion-mercadillo-300x174.jpg 300w\" sizes=\"(max-width: 550px) 100vw, 550px\" \/><\/a><\/p>\n<p><span style=\"color: #333399;\">Y por \u00faltimo, en el Centro Hist\u00f3rico <strong>La Casa Invisible<\/strong> organiza, salvo cambios de \u00faltima hora, su muestra de artesan\u00eda de doce de la ma\u00f1ana a seis de la noche que da la oportunidad\u00a0de mostrar su trabajo a dise\u00f1adores de distintas disciplinas as\u00ed que entre otros, pueden verse y adquirirse art\u00edculos de artesan\u00eda, moda, complementos, fotograf\u00eda, costura o decoraci\u00f3n, entre otro, todo ello realizado de manera artesanal y original.<\/span><\/p>\n<p>&nbsp;<\/p>\n","protected":false},"excerpt":{"rendered":"<p>El fin de semana llega a M\u00e1laga cargado de mercadillos, as\u00ed que para dosificaros os cuento los que hay cada d\u00eda por separado para que nadie se l\u00ede. As\u00ed que empezamos por este s\u00e1bado, en el que coinciden tres. El primero es nuevo, ya que se estrena el Cerrado Food Market, que se celebra en [&hellip;]<\/p>\n","protected":false},"author":24,"featured_media":0,"comment_status":"open","ping_status":"open","sticky":false,"template":"","format":"standard","meta":[],"categories":[4],"tags":[718,1584,1858,1883,2224,2686],"_links":{"self":[{"href":"https:\/\/blogs.diariosur.es\/-que-le-compro-\/wp-json\/wp\/v2\/posts\/1960"}],"collection":[{"href":"https:\/\/blogs.diariosur.es\/-que-le-compro-\/wp-json\/wp\/v2\/posts"}],"about":[{"href":"https:\/\/blogs.diariosur.es\/-que-le-compro-\/wp-json\/wp\/v2\/types\/post"}],"author":[{"embeddable":true,"href":"https:\/\/blogs.diariosur.es\/-que-le-compro-\/wp-json\/wp\/v2\/users\/24"}],"replies":[{"embeddable":true,"href":"https:\/\/blogs.diariosur.es\/-que-le-compro-\/wp-json\/wp\/v2\/comments?post=1960"}],"version-history":[{"count":0,"href":"https:\/\/blogs.diariosur.es\/-que-le-compro-\/wp-json\/wp\/v2\/posts\/1960\/revisions"}],"wp:attachment":[{"href":"https:\/\/blogs.diariosur.es\/-que-le-compro-\/wp-json\/wp\/v2\/media?parent=1960"}],"wp:term":[{"taxonomy":"category","embeddable":true,"href":"https:\/\/blogs.diariosur.es\/-que-le-compro-\/wp-json\/wp\/v2\/categories?post=1960"},{"taxonomy":"post_tag","embeddable":true,"href":"https:\/\/blogs.diariosur.es\/-que-le-compro-\/wp-json\/wp\/v2\/tags?post=1960"}],"curies":[{"name":"wp","href":"https:\/\/api.w.org\/{rel}","templated":true}]}}