{"id":1966,"date":"2013-05-17T11:55:26","date_gmt":"2013-05-17T09:55:26","guid":{"rendered":"http:\/\/blogs.diariosur.es\/-que-le-compro-\/?p=1966"},"modified":"2013-05-17T11:55:26","modified_gmt":"2013-05-17T09:55:26","slug":"presentacion-showroom-en-artesano-malaga-de-disenadores-de-complementos","status":"publish","type":"post","link":"https:\/\/blogs.diariosur.es\/-que-le-compro-\/2013\/05\/17\/presentacion-showroom-en-artesano-malaga-de-disenadores-de-complementos\/","title":{"rendered":"Presentaci\u00f3n-showroom en ArteSano M\u00e1laga de dise\u00f1adores de complementos"},"content":{"rendered":"<p><span style=\"color: #333399;\">Si quer\u00e9is conocer parte del talento local, aqu\u00ed ten\u00e9is un interesante plan para esta tarde-noche de viernes. La tienda ArteSano M\u00e1laga, en el Centro (calle Fajardo, 4) organiza un showroom-presentaci\u00f3n en su local a partir de las ocho de la tarde. En esta ocasi\u00f3n, los protagonistas ser\u00e1n Joyas de Papel, Las Minim\u00eds y Numon. As\u00ed que podr\u00e9is disfrutar de la creatividad llevada a los complementos como bolsos, broches o bisuter\u00eda, que en el caso de Joyas de Papel est\u00e1n hechos\u00a0\u00a0a partir de la ancestral t\u00e9cnica japonesa del origami.<\/span><\/p>\n<p><span style=\"color: #333399;\">\u00bfA que la iniciativa pinta muy bien? \u00a1A disfrutarla!<\/span><\/p>\n<p><script type=\"text\/javascript\">var addthis_config = {\"data_track_clickback\":true,\"data_track_addressbar\":false,\"data_track_textcopy\":false,\"ui_atversion\":\"300\"}; var addthis_product = 'wpp-3.0.2';<\/script><script type=\"text\/javascript\" src=\"\/\/s7.addthis.com\/js\/300\/addthis_widget.js#pubid=ra-50fc27702fb34fca\"><\/script><\/p>\n<p><img loading=\"lazy\" class=\"size-full wp-image-1967 aligncenter\" title=\"Showroom en ArteSano M\u00e1laga, viernes 17 de mayo\" src=\"\/-que-le-compro-\/wp-content\/uploads\/sites\/19\/2013\/05\/artesano-showroom.jpg\" alt=\"Showroom en ArteSano M\u00e1laga, viernes 17 de mayo\" width=\"600\" height=\"800\" srcset=\"https:\/\/static-blogs.diariosur.es\/wp-content\/uploads\/sites\/19\/2013\/05\/artesano-showroom.jpg 600w, https:\/\/static-blogs.diariosur.es\/wp-content\/uploads\/sites\/19\/2013\/05\/artesano-showroom-225x300.jpg 225w\" sizes=\"(max-width: 600px) 100vw, 600px\" \/><\/p>\n","protected":false},"excerpt":{"rendered":"<p>Si quer\u00e9is conocer parte del talento local, aqu\u00ed ten\u00e9is un interesante plan para esta tarde-noche de viernes. La tienda ArteSano M\u00e1laga, en el Centro (calle Fajardo, 4) organiza un showroom-presentaci\u00f3n en su local a partir de las ocho de la tarde. En esta ocasi\u00f3n, los protagonistas ser\u00e1n Joyas de Papel, Las Minim\u00eds y Numon. As\u00ed [&hellip;]<\/p>\n","protected":false},"author":24,"featured_media":0,"comment_status":"open","ping_status":"open","sticky":false,"template":"","format":"standard","meta":[],"categories":[6,7],"tags":[256,812,1610,1781,1941,2696,3388],"_links":{"self":[{"href":"https:\/\/blogs.diariosur.es\/-que-le-compro-\/wp-json\/wp\/v2\/posts\/1966"}],"collection":[{"href":"https:\/\/blogs.diariosur.es\/-que-le-compro-\/wp-json\/wp\/v2\/posts"}],"about":[{"href":"https:\/\/blogs.diariosur.es\/-que-le-compro-\/wp-json\/wp\/v2\/types\/post"}],"author":[{"embeddable":true,"href":"https:\/\/blogs.diariosur.es\/-que-le-compro-\/wp-json\/wp\/v2\/users\/24"}],"replies":[{"embeddable":true,"href":"https:\/\/blogs.diariosur.es\/-que-le-compro-\/wp-json\/wp\/v2\/comments?post=1966"}],"version-history":[{"count":0,"href":"https:\/\/blogs.diariosur.es\/-que-le-compro-\/wp-json\/wp\/v2\/posts\/1966\/revisions"}],"wp:attachment":[{"href":"https:\/\/blogs.diariosur.es\/-que-le-compro-\/wp-json\/wp\/v2\/media?parent=1966"}],"wp:term":[{"taxonomy":"category","embeddable":true,"href":"https:\/\/blogs.diariosur.es\/-que-le-compro-\/wp-json\/wp\/v2\/categories?post=1966"},{"taxonomy":"post_tag","embeddable":true,"href":"https:\/\/blogs.diariosur.es\/-que-le-compro-\/wp-json\/wp\/v2\/tags?post=1966"}],"curies":[{"name":"wp","href":"https:\/\/api.w.org\/{rel}","templated":true}]}}