{"id":1968,"date":"2013-05-18T15:53:06","date_gmt":"2013-05-18T13:53:06","guid":{"rendered":"http:\/\/blogs.diariosur.es\/-que-le-compro-\/?p=1968"},"modified":"2013-05-18T15:53:06","modified_gmt":"2013-05-18T13:53:06","slug":"agenda-de-mercadillos-en-malaga-este-fin-de-semana","status":"publish","type":"post","link":"https:\/\/blogs.diariosur.es\/-que-le-compro-\/2013\/05\/18\/agenda-de-mercadillos-en-malaga-este-fin-de-semana\/","title":{"rendered":"Agenda de mercadillos en M\u00e1laga este fin de semana"},"content":{"rendered":"<p><span style=\"color: #333399;\">Si el tiempo lo permite, este va a ser un fin de semana con muchos mercadillos que visitar, y para todos los gustos. Vamos por partes: este s\u00e1bado se celebra la segunda edici\u00f3n del <strong>Cerrado Food Market<\/strong>, que como ya sab\u00e9is arranc\u00f3 el pasado d\u00eda11 y en adelante se celebrar\u00e1 todos los s\u00e1bados del mes. La cita es de 10 a 15 horas en el Multicentro de Cerrado Calder\u00f3n, a la entrada de la urbanizaci\u00f3n (calle Rodeo). \u00a0Como novedad, habr\u00e1 cocina \u00a0israelita, que se sumar\u00e1 a la amplia oferta de gastronom\u00eda internacional que este proyecto y continuar\u00e1 las actividades para los m\u00e1s peque\u00f1os en la cercana helader\u00eda Tartufo.<\/span><\/p>\n<p><span style=\"color: #333399;\">Adem\u00e1s,<strong> La Casa Invisible<\/strong> acoge de nuevo en su patio interior el mercadillo, donde se podr\u00e1n adquirir, entre otros art\u00edculos, \u00a0telas, pintura, barro, cuero, complementos y bisuter\u00eda. De 12 de la ma\u00f1ana a seis de la tarde.<\/span><\/p>\n<p><img loading=\"lazy\" class=\"aligncenter size-full wp-image-1969\" title=\"Mercadillo de La Casa Invisible, 18 de mayo\" src=\"\/-que-le-compro-\/wp-content\/uploads\/sites\/19\/2013\/05\/mercadillo-invisible.jpg\" alt=\"Mercadillo de La Casa Invisible, 18 de mayo\" width=\"300\" height=\"383\" srcset=\"https:\/\/static-blogs.diariosur.es\/wp-content\/uploads\/sites\/19\/2013\/05\/mercadillo-invisible.jpg 300w, https:\/\/static-blogs.diariosur.es\/wp-content\/uploads\/sites\/19\/2013\/05\/mercadillo-invisible-235x300.jpg 235w\" sizes=\"(max-width: 300px) 100vw, 300px\" \/><\/p>\n<p><span style=\"color: #333399;\">Paralelamente, el <span style=\"font-size: large;\">domingo<\/span> habr\u00e1 una edici\u00f3n extra del <strong>Zoco de Muelle Uno<\/strong> de once de la ma\u00f1ana a cuatro de la tarde, con su habitual oferta en complementos, decoraci\u00f3n, moda y gourmet. Este domingo adem\u00e1s vuelve la muestra de emprendedores <strong>Craftsma (Crafts Market M\u00e1laga<\/strong>) a la plaza Al Andalus del Rinc\u00f3n de la Victoria, donde exhibir\u00e1n su trabajo de 10.30 a 17 horas.\u00a0<\/span><\/p>\n<p><span style=\"color: #333399;\">Por \u00faltimo, el<strong> Cementerio Ingl\u00e9s<\/strong>, en M\u00e1laga capital celebra su Rastrillo de Primavera de 12.30 a 14.30 horas, donde podr\u00e9is encontrar moda vintage, libros, art\u00edculos de segunda mano y alimentaci\u00f3n en este enclave \u00fanico en La Malagueta.<\/span><\/p>\n<p><script type=\"text\/javascript\">var addthis_config = {\"data_track_clickback\":true,\"data_track_addressbar\":false,\"data_track_textcopy\":false,\"ui_atversion\":\"300\"}; var addthis_product = 'wpp-3.0.2';<\/script><script type=\"text\/javascript\" src=\"\/\/s7.addthis.com\/js\/300\/addthis_widget.js#pubid=ra-50fc27702fb34fca\"><\/script><\/p>\n<p><img loading=\"lazy\" class=\"aligncenter size-full wp-image-1970\" title=\"Rastrillo de Primavera en el Cementerio Ingl\u00e9s, 19 de mayo\" src=\"\/-que-le-compro-\/wp-content\/uploads\/sites\/19\/2013\/05\/rastrillo-primavera.jpg\" alt=\"Rastrillo de Primavera en el Cementerio Ingl\u00e9s, 19 de mayo\" width=\"300\" height=\"409\" srcset=\"https:\/\/static-blogs.diariosur.es\/wp-content\/uploads\/sites\/19\/2013\/05\/rastrillo-primavera.jpg 300w, https:\/\/static-blogs.diariosur.es\/wp-content\/uploads\/sites\/19\/2013\/05\/rastrillo-primavera-220x300.jpg 220w\" sizes=\"(max-width: 300px) 100vw, 300px\" \/><\/p>\n<p>Y adem\u00e1s, durante todo el fin de semana ten\u00e9is una cita con la solidaridad en el Paseo del Parque, que acoge la <strong>X Semana de la Participaci\u00f3n y el Voluntariado<\/strong> y en la que pueden adquirirse art\u00edculos de distintas asociaciones para ayudar a su causa. <\/p>\n<p>&nbsp;<\/p>\n<p><span style=\"color: #333399;\">\u00a1A disfrutar del fin de semana!<\/span><\/p>\n","protected":false},"excerpt":{"rendered":"<p>Si el tiempo lo permite, este va a ser un fin de semana con muchos mercadillos que visitar, y para todos los gustos. Vamos por partes: este s\u00e1bado se celebra la segunda edici\u00f3n del Cerrado Food Market, que como ya sab\u00e9is arranc\u00f3 el pasado d\u00eda11 y en adelante se celebrar\u00e1 todos los s\u00e1bados del mes. [&hellip;]<\/p>\n","protected":false},"author":24,"featured_media":0,"comment_status":"open","ping_status":"open","sticky":false,"template":"","format":"standard","meta":[],"categories":[4,6],"tags":[684,718,936,1858,2341,3104,3968],"_links":{"self":[{"href":"https:\/\/blogs.diariosur.es\/-que-le-compro-\/wp-json\/wp\/v2\/posts\/1968"}],"collection":[{"href":"https:\/\/blogs.diariosur.es\/-que-le-compro-\/wp-json\/wp\/v2\/posts"}],"about":[{"href":"https:\/\/blogs.diariosur.es\/-que-le-compro-\/wp-json\/wp\/v2\/types\/post"}],"author":[{"embeddable":true,"href":"https:\/\/blogs.diariosur.es\/-que-le-compro-\/wp-json\/wp\/v2\/users\/24"}],"replies":[{"embeddable":true,"href":"https:\/\/blogs.diariosur.es\/-que-le-compro-\/wp-json\/wp\/v2\/comments?post=1968"}],"version-history":[{"count":0,"href":"https:\/\/blogs.diariosur.es\/-que-le-compro-\/wp-json\/wp\/v2\/posts\/1968\/revisions"}],"wp:attachment":[{"href":"https:\/\/blogs.diariosur.es\/-que-le-compro-\/wp-json\/wp\/v2\/media?parent=1968"}],"wp:term":[{"taxonomy":"category","embeddable":true,"href":"https:\/\/blogs.diariosur.es\/-que-le-compro-\/wp-json\/wp\/v2\/categories?post=1968"},{"taxonomy":"post_tag","embeddable":true,"href":"https:\/\/blogs.diariosur.es\/-que-le-compro-\/wp-json\/wp\/v2\/tags?post=1968"}],"curies":[{"name":"wp","href":"https:\/\/api.w.org\/{rel}","templated":true}]}}