{"id":1974,"date":"2013-05-20T20:46:42","date_gmt":"2013-05-20T18:46:42","guid":{"rendered":"http:\/\/blogs.diariosur.es\/-que-le-compro-\/?p=1974"},"modified":"2013-05-20T20:46:42","modified_gmt":"2013-05-20T18:46:42","slug":"joyerias-de-malaga-en-liquidacion-con-cierre","status":"publish","type":"post","link":"https:\/\/blogs.diariosur.es\/-que-le-compro-\/2013\/05\/20\/joyerias-de-malaga-en-liquidacion-con-cierre\/","title":{"rendered":"Joyer\u00edas de M\u00e1laga en liquidaci\u00f3n por cierre"},"content":{"rendered":"<p><span style=\"color: #333399;\">Siempre es triste saber que un comercio cierre sus puertas, pero en este caso es para dar una oportunidad a generaciones venideras. Las tiendas La Tierra y Joyer\u00eda Virana, ambas en M\u00e1laga capital, est\u00e1n de liquidaci\u00f3n porque en breve dir\u00e1n adi\u00f3s a su p\u00fablico. Y para liquidar stock ofrecen sus art\u00edculos a mitad de precio, lo cual viene muy bien en este mes, en el que abundan las bodas, comuniones y bautizos y otros eventos sociales.<\/span><\/p>\n<p><span style=\"color: #333399;\">As\u00ed que si quer\u00e9is aprovechar esta oportunidad, ya sab\u00e9is por d\u00f3nde pod\u00e9is pasar para haceros con una pieza de joyer\u00eda a un precio rebajado respecto al habitual.<strong> La Tierr<\/strong>a, en calle Santa Mar\u00eda, que cerrar\u00e1 sus puertas el pr\u00f3ximo 31 de mayo seg\u00fan anuncia y la <strong>joyer\u00eda Virana<\/strong>, en la calle Armengual de la Mota.<\/span><\/p>\n<p><script type=\"text\/javascript\">var addthis_config = {\"data_track_clickback\":true,\"data_track_addressbar\":false,\"data_track_textcopy\":false,\"ui_atversion\":\"300\"}; var addthis_product = 'wpp-3.0.2';<\/script><script type=\"text\/javascript\" src=\"\/\/s7.addthis.com\/js\/300\/addthis_widget.js#pubid=ra-50fc27702fb34fca\"><\/script><\/p>\n","protected":false},"excerpt":{"rendered":"<p>Siempre es triste saber que un comercio cierre sus puertas, pero en este caso es para dar una oportunidad a generaciones venideras. Las tiendas La Tierra y Joyer\u00eda Virana, ambas en M\u00e1laga capital, est\u00e1n de liquidaci\u00f3n porque en breve dir\u00e1n adi\u00f3s a su p\u00fablico. Y para liquidar stock ofrecen sus art\u00edculos a mitad de precio, [&hellip;]<\/p>\n","protected":false},"author":24,"featured_media":0,"comment_status":"open","ping_status":"open","sticky":false,"template":"","format":"standard","meta":[],"categories":[6,7],"tags":[1786,1788,1919,1978],"_links":{"self":[{"href":"https:\/\/blogs.diariosur.es\/-que-le-compro-\/wp-json\/wp\/v2\/posts\/1974"}],"collection":[{"href":"https:\/\/blogs.diariosur.es\/-que-le-compro-\/wp-json\/wp\/v2\/posts"}],"about":[{"href":"https:\/\/blogs.diariosur.es\/-que-le-compro-\/wp-json\/wp\/v2\/types\/post"}],"author":[{"embeddable":true,"href":"https:\/\/blogs.diariosur.es\/-que-le-compro-\/wp-json\/wp\/v2\/users\/24"}],"replies":[{"embeddable":true,"href":"https:\/\/blogs.diariosur.es\/-que-le-compro-\/wp-json\/wp\/v2\/comments?post=1974"}],"version-history":[{"count":0,"href":"https:\/\/blogs.diariosur.es\/-que-le-compro-\/wp-json\/wp\/v2\/posts\/1974\/revisions"}],"wp:attachment":[{"href":"https:\/\/blogs.diariosur.es\/-que-le-compro-\/wp-json\/wp\/v2\/media?parent=1974"}],"wp:term":[{"taxonomy":"category","embeddable":true,"href":"https:\/\/blogs.diariosur.es\/-que-le-compro-\/wp-json\/wp\/v2\/categories?post=1974"},{"taxonomy":"post_tag","embeddable":true,"href":"https:\/\/blogs.diariosur.es\/-que-le-compro-\/wp-json\/wp\/v2\/tags?post=1974"}],"curies":[{"name":"wp","href":"https:\/\/api.w.org\/{rel}","templated":true}]}}