{"id":1975,"date":"2013-05-22T21:02:00","date_gmt":"2013-05-22T19:02:00","guid":{"rendered":"http:\/\/blogs.diariosur.es\/-que-le-compro-\/?p=1975"},"modified":"2013-05-22T21:02:00","modified_gmt":"2013-05-22T19:02:00","slug":"cursos-de-costura-y-de-zapatos-en-junio-en-fabric-taller","status":"publish","type":"post","link":"https:\/\/blogs.diariosur.es\/-que-le-compro-\/2013\/05\/22\/cursos-de-costura-y-de-zapatos-en-junio-en-fabric-taller\/","title":{"rendered":"Cursos de costura y de zapatos, alpargatas y para beb\u00e9, en junio en Fabric Taller"},"content":{"rendered":"<p><span style=\"color: #333399;\">Se acerca junio y en Fabric Taller ya tienen programado su calendario de actividades para este mes. As\u00ed que tomad nota porque llega cargado de novedades, como por ejemplo el taller de alpargatas. Los cursos, ya sab\u00e9is, incluyen el material y una merienda, y su precio var\u00eda, seg\u00fan la tem\u00e1tica. Pod\u00e9is saber <a href=\"http:\/\/www.tallerfabric.blogspot.com.es\/p\/calendario-de-talleres.html\" rel=\"external nofollow\"><span style=\"color: #333399;\">m\u00e1s detalles pinchando aqu\u00ed<\/span><\/a><\/span><\/p>\n<p><span style=\"color: #333399;\">1 de Junio: Taller de iniciaci\u00f3n a la m\u00e1quina de coser<\/span><br \/>\n<span style=\"color: #333399;\">7 y 8 de junio: Taller de arreglos, donde aprender\u00e9is a hacer bajos,arreglar cremalleras,estrechar ropa,&#8230;<\/span><br \/>\n<span style=\"color: #333399;\">14 de Junio: Taller de creaci\u00f3n de zapatos (alpargatas).<\/span><br \/>\n<span style=\"color: #333399;\">15 de Junio: Taller de zapatos para beb\u00e9s.<\/span><br \/>\n<span style=\"color: #333399;\">21 y 22 de Junio: Taller de mu\u00f1ecas Tilda<\/span><br \/>\n<span style=\"color: #333399;\">29 de junio: Taller de confecci\u00f3n de &#8216;tote bags&#8217; y cojines y aplicaci\u00f3n de transfer.<\/span><\/p>\n<p><img loading=\"lazy\" class=\"aligncenter size-full wp-image-1979\" title=\"Taller de alpargatas\" src=\"\/-que-le-compro-\/wp-content\/uploads\/sites\/19\/2013\/05\/alpargatas.jpg\" alt=\"Taller de alpargatas\" width=\"600\" height=\"450\" srcset=\"https:\/\/static-blogs.diariosur.es\/wp-content\/uploads\/sites\/19\/2013\/05\/alpargatas.jpg 600w, https:\/\/static-blogs.diariosur.es\/wp-content\/uploads\/sites\/19\/2013\/05\/alpargatas-300x225.jpg 300w\" sizes=\"(max-width: 600px) 100vw, 600px\" \/><\/p>\n<p><script type=\"text\/javascript\">var addthis_config = {\"data_track_clickback\":true,\"data_track_addressbar\":false,\"data_track_textcopy\":false,\"ui_atversion\":\"300\"}; var addthis_product = 'wpp-3.0.2';<\/script><script type=\"text\/javascript\" src=\"\/\/s7.addthis.com\/js\/300\/addthis_widget.js#pubid=ra-50fc27702fb34fca\"><\/script><\/p>\n<p><span style=\"color: #333399;\">Os recuerdo que <strong>Fabric Taller<\/strong> est\u00e1 en el Centro de M\u00e1laga, en la calle Pardo Baz\u00e1n (calle Oller\u00edas) y su tel\u00e9fono es el\u00a0951 71 98 10 \u00bfOs anim\u00e1is?<\/span><\/p>\n","protected":false},"excerpt":{"rendered":"<p>Se acerca junio y en Fabric Taller ya tienen programado su calendario de actividades para este mes. As\u00ed que tomad nota porque llega cargado de novedades, como por ejemplo el taller de alpargatas. Los cursos, ya sab\u00e9is, incluyen el material y una merienda, y su precio var\u00eda, seg\u00fan la tem\u00e1tica. Pod\u00e9is saber m\u00e1s detalles pinchando [&hellip;]<\/p>\n","protected":false},"author":24,"featured_media":0,"comment_status":"open","ping_status":"open","sticky":false,"template":"","format":"standard","meta":[],"categories":[6,7],"tags":[988,998,1336,2599,3505],"_links":{"self":[{"href":"https:\/\/blogs.diariosur.es\/-que-le-compro-\/wp-json\/wp\/v2\/posts\/1975"}],"collection":[{"href":"https:\/\/blogs.diariosur.es\/-que-le-compro-\/wp-json\/wp\/v2\/posts"}],"about":[{"href":"https:\/\/blogs.diariosur.es\/-que-le-compro-\/wp-json\/wp\/v2\/types\/post"}],"author":[{"embeddable":true,"href":"https:\/\/blogs.diariosur.es\/-que-le-compro-\/wp-json\/wp\/v2\/users\/24"}],"replies":[{"embeddable":true,"href":"https:\/\/blogs.diariosur.es\/-que-le-compro-\/wp-json\/wp\/v2\/comments?post=1975"}],"version-history":[{"count":0,"href":"https:\/\/blogs.diariosur.es\/-que-le-compro-\/wp-json\/wp\/v2\/posts\/1975\/revisions"}],"wp:attachment":[{"href":"https:\/\/blogs.diariosur.es\/-que-le-compro-\/wp-json\/wp\/v2\/media?parent=1975"}],"wp:term":[{"taxonomy":"category","embeddable":true,"href":"https:\/\/blogs.diariosur.es\/-que-le-compro-\/wp-json\/wp\/v2\/categories?post=1975"},{"taxonomy":"post_tag","embeddable":true,"href":"https:\/\/blogs.diariosur.es\/-que-le-compro-\/wp-json\/wp\/v2\/tags?post=1975"}],"curies":[{"name":"wp","href":"https:\/\/api.w.org\/{rel}","templated":true}]}}