{"id":1983,"date":"2013-05-24T16:47:04","date_gmt":"2013-05-24T14:47:04","guid":{"rendered":"http:\/\/blogs.diariosur.es\/-que-le-compro-\/?p=1983"},"modified":"2013-05-24T16:47:04","modified_gmt":"2013-05-24T14:47:04","slug":"i-dia-del-trastero-en-malaga-mercadillo-ecologico-en-huelin-y-cerrado-food-market","status":"publish","type":"post","link":"https:\/\/blogs.diariosur.es\/-que-le-compro-\/2013\/05\/24\/i-dia-del-trastero-en-malaga-mercadillo-ecologico-en-huelin-y-cerrado-food-market\/","title":{"rendered":"I D\u00eda del Trastero en M\u00e1laga, mercadillo ecol\u00f3gico en Huelin y Cerrado Food Market"},"content":{"rendered":"<p><span style=\"color: #333399;\">De nuevo podremos disfrutar en M\u00e1laga de un s\u00e1bado cargado de actividades para los fans de los mercadillos. En primer lugar hay que hablar de una iniciativa que se estrena en Puerto de la Torre y que tendr\u00e1 fines ben\u00e9ficos. Se trata del <strong>I D\u00eda del Trastero en Puerto de la Torre<\/strong>, en el que se recoger\u00e1n fondos para ayudar a <a href=\"https:\/\/sites.google.com\/site\/porunmejorfuturoparacarmen\/home\"><span style=\"color: #333399;\">Carmen<\/span><\/a>, una ni\u00f1a de este distrito malague\u00f1o que sufre par\u00e1lisis cerebral.\u00a0<\/span><\/p>\n<p>&nbsp;<\/p>\n<p><img loading=\"lazy\" class=\"size-full wp-image-1984\" title=\"Presentaci\u00f3n del I D\u00eda del Trastero en Puerto de la Torre, 25 de mayo\" src=\"\/-que-le-compro-\/wp-content\/uploads\/sites\/19\/2013\/05\/dia-trastero.jpg\" alt=\"Presentaci\u00f3n del I D\u00eda del Trastero en Puerto de la Torre, 25 de mayo\" width=\"560\" height=\"400\" srcset=\"https:\/\/static-blogs.diariosur.es\/wp-content\/uploads\/sites\/19\/2013\/05\/dia-trastero.jpg 560w, https:\/\/static-blogs.diariosur.es\/wp-content\/uploads\/sites\/19\/2013\/05\/dia-trastero-300x214.jpg 300w\" sizes=\"(max-width: 560px) 100vw, 560px\" \/><\/p>\n<p><span style=\"color: #333399;\">Los puestos de compra y venta estar\u00e1n en el aparcamiento que hay en el cruce de las calles Rosa Garc\u00eda Ascot y avenida Lope de Vega, a la entrada de el Puerto de la Torre). Los interesados s\u00f3lo tienen que personarse all\u00ed, con los objetos, ya que, las estructuras estar\u00e1n montadas, y por supuesto la entrada es gratuita. Al final de la jornada, cada vendedor podr\u00e1 donar a la peque\u00f1a Carmen la parte de su recaudaci\u00f3n que estime oportuna.<\/span><\/p>\n<p><span style=\"color: #333399;\">Comenzar\u00e1 a las once de la ma\u00f1ana y durar\u00e1 hasta el mediod\u00eda, cuando se celebrar\u00e1 una degustaci\u00f3n gratuita de paella, por lo que \u00fanico que habr\u00e1 que aportar ser\u00e1 la bebida.\u00a0<\/span><\/p>\n<p><span style=\"color: #333399;\">Tambi\u00e9n se puede ayudar a la peque\u00f1a llevando tapones de pl\u00e1stico, y adem\u00e1s se dar\u00e1n a esta familia todos los tapones que se generen durante el D\u00eda del Trastero.\u00a0<\/span><\/p>\n<p><script type=\"text\/javascript\">var addthis_config = {\"data_track_clickback\":true,\"data_track_addressbar\":false,\"data_track_textcopy\":false,\"ui_atversion\":\"300\"}; var addthis_product = 'wpp-3.0.2';<\/script><script type=\"text\/javascript\" src=\"\/\/s7.addthis.com\/js\/300\/addthis_widget.js#pubid=ra-50fc27702fb34fca\"><\/script><\/p>\n<p><span style=\"color: #333399;\">Paralelamente, tambi\u00e9n por la ma\u00f1ana se celebrar\u00e1 el ya tradicional <strong>mercadillo ecol\u00f3gico en el Parque Huelin<\/strong>, organizado por la asociaci\u00f3n Guadalhorce Ecol\u00f3gico, que como siempre traer\u00e1 lo m\u00e1s fresco de la huerta de diez de la ma\u00f1ana a dos de la tarde a precios asequibles, y la tercera edici\u00f3n del mercado de alimentaci\u00f3n y decoraci\u00f3n chic\u00a0<strong>Cerrado Food Market<\/strong> (en la calle Rodeo, al principio de la urbanizaci\u00f3n Cerrado de Calder\u00f3n) que esta vez como novedad ofrecer\u00e1\u00a0degustaciones de vinos de M\u00e1laga, y un puesto de Tupperware.<\/p>\n<p>\u00a1A disfrutar del s\u00e1bado!<\/span><\/p>\n<p>&nbsp;<\/p>\n","protected":false},"excerpt":{"rendered":"<p>De nuevo podremos disfrutar en M\u00e1laga de un s\u00e1bado cargado de actividades para los fans de los mercadillos. En primer lugar hay que hablar de una iniciativa que se estrena en Puerto de la Torre y que tendr\u00e1 fines ben\u00e9ficos. Se trata del I D\u00eda del Trastero en Puerto de la Torre, en el que [&hellip;]<\/p>\n","protected":false},"author":24,"featured_media":0,"comment_status":"open","ping_status":"open","sticky":false,"template":"","format":"standard","meta":[],"categories":[4],"tags":[718,1105,1584,2224],"_links":{"self":[{"href":"https:\/\/blogs.diariosur.es\/-que-le-compro-\/wp-json\/wp\/v2\/posts\/1983"}],"collection":[{"href":"https:\/\/blogs.diariosur.es\/-que-le-compro-\/wp-json\/wp\/v2\/posts"}],"about":[{"href":"https:\/\/blogs.diariosur.es\/-que-le-compro-\/wp-json\/wp\/v2\/types\/post"}],"author":[{"embeddable":true,"href":"https:\/\/blogs.diariosur.es\/-que-le-compro-\/wp-json\/wp\/v2\/users\/24"}],"replies":[{"embeddable":true,"href":"https:\/\/blogs.diariosur.es\/-que-le-compro-\/wp-json\/wp\/v2\/comments?post=1983"}],"version-history":[{"count":0,"href":"https:\/\/blogs.diariosur.es\/-que-le-compro-\/wp-json\/wp\/v2\/posts\/1983\/revisions"}],"wp:attachment":[{"href":"https:\/\/blogs.diariosur.es\/-que-le-compro-\/wp-json\/wp\/v2\/media?parent=1983"}],"wp:term":[{"taxonomy":"category","embeddable":true,"href":"https:\/\/blogs.diariosur.es\/-que-le-compro-\/wp-json\/wp\/v2\/categories?post=1983"},{"taxonomy":"post_tag","embeddable":true,"href":"https:\/\/blogs.diariosur.es\/-que-le-compro-\/wp-json\/wp\/v2\/tags?post=1983"}],"curies":[{"name":"wp","href":"https:\/\/api.w.org\/{rel}","templated":true}]}}