{"id":1985,"date":"2013-05-26T08:49:43","date_gmt":"2013-05-26T06:49:43","guid":{"rendered":"http:\/\/blogs.diariosur.es\/-que-le-compro-\/?p=1985"},"modified":"2013-05-26T08:49:43","modified_gmt":"2013-05-26T06:49:43","slug":"oferta-de-empleo-en-primark-que-abre-tienda-en-fuengirola-mas-estrenos-en-parque-miramar","status":"publish","type":"post","link":"https:\/\/blogs.diariosur.es\/-que-le-compro-\/2013\/05\/26\/oferta-de-empleo-en-primark-que-abre-tienda-en-fuengirola-mas-estrenos-en-parque-miramar\/","title":{"rendered":"Oferta de empleo en Primark, que abre tienda en Fuengirola. M\u00e1s estrenos en Parque Miramar"},"content":{"rendered":"<p><span style=\"color: #333399;\">Por fin se han decidido a hacer oficial un secreto que ya era conocido por muchos y que os adelantamos hace unos d\u00edas en <a href=\"http:\/\/www.diariosur.es\/20130515\/local\/malaga\/primark-abre-bolsa-trabajo-201305150015.html\" rel=\"external nofollow\"><span style=\"color: #333399;\">SUR.es: Primark abre tienda en Fuengirola<\/span><\/a>. Ser\u00e1 en el centro comercial Parque Miramar en oto\u00f1o, y con motivo de esta apertura han habilitado una bolsa de trabajo para cubrir la plantilla. Las <strong><a href=\"http:\/\/www.primarkfuengirolaempleo.es\/\" rel=\"external nofollow\"><span style=\"color: #333399;\">solicitudes se presentan online pinchando aqu\u00ed<\/span><\/a><\/strong>\u00a0y ofertan dos tipos de puestos de trabajo: supervisores y dependientes, y dentro de cada uno hay distintas posibilidades de horarios, e incluso se puede elegir trabajar solo los fines de semana o un cierto n\u00famero de horas por d\u00eda.\u00a0<\/span><\/p>\n<p><a href=\"\/-que-le-compro-\/wp-content\/uploads\/sites\/19\/2013\/05\/primark.jpg\"><img loading=\"lazy\" class=\"aligncenter size-full wp-image-1987\" title=\"Primark abrir\u00e1 en oto\u00f1o tienda en Fuengirola\" src=\"\/-que-le-compro-\/wp-content\/uploads\/sites\/19\/2013\/05\/primark.jpg\" alt=\"Primark abrir\u00e1 en oto\u00f1o tienda en Fuengirola\" width=\"450\" height=\"346\" srcset=\"https:\/\/static-blogs.diariosur.es\/wp-content\/uploads\/sites\/19\/2013\/05\/primark.jpg 450w, https:\/\/static-blogs.diariosur.es\/wp-content\/uploads\/sites\/19\/2013\/05\/primark-300x231.jpg 300w\" sizes=\"(max-width: 450px) 100vw, 450px\" \/><\/a><\/p>\n<p><span style=\"color: #333399;\">Coincidiendo con esta inauguraci\u00f3n, el centro ha firmado un acuerdo con\u00a0el Ayuntamiento para ampliar en 8.000 metros cuadrados la superficie del complejo comercial, que actualmente dispone de 67.500 metros cuadrados, para lo cual invertir\u00e1 en torno a doce millones de euros.<\/span><\/p>\n<p><span style=\"color: #333399;\">Pero aunque esta es la m\u00e1s destacada, y esperada por muchos, no ser\u00e1 la \u00fanica novedad de Parque Miramar, que en breve estrenar\u00e1 en su planta baja una tienda de Juguettos y que acaba de ampliar su oferta comercial con la incorporaci\u00f3n de la firma americana de moda <strong>Guess<\/strong> y <strong>Hogarium<\/strong>, especialista en art\u00edculos de descanso y para el hogar.\u00a0<\/span><\/p>\n<p><script type=\"text\/javascript\">var addthis_config = {\"data_track_clickback\":true,\"data_track_addressbar\":false,\"data_track_textcopy\":false,\"ui_atversion\":\"300\"}; var addthis_product = 'wpp-3.0.2';<\/script><script type=\"text\/javascript\" src=\"\/\/s7.addthis.com\/js\/300\/addthis_widget.js#pubid=ra-50fc27702fb34fca\"><\/script><\/p>\n<p><a href=\"\/-que-le-compro-\/wp-content\/uploads\/sites\/19\/2013\/05\/tienda-guess.jpg\"><img loading=\"lazy\" class=\"aligncenter size-full wp-image-1986\" title=\"Nueva tienda Guess en el c. c. Parque Miramar\" src=\"\/-que-le-compro-\/wp-content\/uploads\/sites\/19\/2013\/05\/tienda-guess.jpg\" alt=\"Nueva tienda Guess en el c. c. Parque Miramar\" width=\"450\" height=\"238\" srcset=\"https:\/\/static-blogs.diariosur.es\/wp-content\/uploads\/sites\/19\/2013\/05\/tienda-guess.jpg 450w, https:\/\/static-blogs.diariosur.es\/wp-content\/uploads\/sites\/19\/2013\/05\/tienda-guess-300x159.jpg 300w\" sizes=\"(max-width: 450px) 100vw, 450px\" \/><\/a><\/p>\n<p>&nbsp;<\/p>\n","protected":false},"excerpt":{"rendered":"<p>Por fin se han decidido a hacer oficial un secreto que ya era conocido por muchos y que os adelantamos hace unos d\u00edas en SUR.es: Primark abre tienda en Fuengirola. Ser\u00e1 en el centro comercial Parque Miramar en oto\u00f1o, y con motivo de esta apertura han habilitado una bolsa de trabajo para cubrir la plantilla. [&hellip;]<\/p>\n","protected":false},"author":24,"featured_media":0,"comment_status":"open","ping_status":"open","sticky":false,"template":"","format":"standard","meta":[],"categories":[2,7],"tags":[1593,1640,1804,2678,2714,2835,3732],"_links":{"self":[{"href":"https:\/\/blogs.diariosur.es\/-que-le-compro-\/wp-json\/wp\/v2\/posts\/1985"}],"collection":[{"href":"https:\/\/blogs.diariosur.es\/-que-le-compro-\/wp-json\/wp\/v2\/posts"}],"about":[{"href":"https:\/\/blogs.diariosur.es\/-que-le-compro-\/wp-json\/wp\/v2\/types\/post"}],"author":[{"embeddable":true,"href":"https:\/\/blogs.diariosur.es\/-que-le-compro-\/wp-json\/wp\/v2\/users\/24"}],"replies":[{"embeddable":true,"href":"https:\/\/blogs.diariosur.es\/-que-le-compro-\/wp-json\/wp\/v2\/comments?post=1985"}],"version-history":[{"count":0,"href":"https:\/\/blogs.diariosur.es\/-que-le-compro-\/wp-json\/wp\/v2\/posts\/1985\/revisions"}],"wp:attachment":[{"href":"https:\/\/blogs.diariosur.es\/-que-le-compro-\/wp-json\/wp\/v2\/media?parent=1985"}],"wp:term":[{"taxonomy":"category","embeddable":true,"href":"https:\/\/blogs.diariosur.es\/-que-le-compro-\/wp-json\/wp\/v2\/categories?post=1985"},{"taxonomy":"post_tag","embeddable":true,"href":"https:\/\/blogs.diariosur.es\/-que-le-compro-\/wp-json\/wp\/v2\/tags?post=1985"}],"curies":[{"name":"wp","href":"https:\/\/api.w.org\/{rel}","templated":true}]}}