{"id":1988,"date":"2013-05-31T19:49:06","date_gmt":"2013-05-31T17:49:06","guid":{"rendered":"http:\/\/blogs.diariosur.es\/-que-le-compro-\/?p=1988"},"modified":"2013-05-31T19:49:06","modified_gmt":"2013-05-31T17:49:06","slug":"vuelve-puerto-marina-market-moda-complementos-y-gourmet-en-benalmadena","status":"publish","type":"post","link":"https:\/\/blogs.diariosur.es\/-que-le-compro-\/2013\/05\/31\/vuelve-puerto-marina-market-moda-complementos-y-gourmet-en-benalmadena\/","title":{"rendered":"Vuelve Puerto Marina Market: moda, complementos y gourmet en Benalm\u00e1dena"},"content":{"rendered":"<p><span style=\"color: #000080;\">Este s\u00e1bado, al ser el primero del mes, acudir\u00e1 puntual a su cita (salvo imprevistos de ultim\u00edsima hora, en cuyo caso se pasar\u00eda a la siguiente semana) <strong>Puerto Marina Market<\/strong>, que cumple su tercera edici\u00f3n. Este mercadillo ofrece la posibilidad de realizar compras originales en un entorno \u00fanico, en pleno puerto deportivo de Benalm\u00e1dena. Concretamente, al final de\u00a0la calle Fragata, en el primer parking privado del recinto.<\/span><\/p>\n<p><span style=\"color: #000080;\">La cita es de <span style=\"text-decoration: underline;\">once de la ma\u00f1ana a cinco de la tarde<\/span> por \u00faltima vez, ya que en junio y agosto se celebrar\u00e1 por anoche, de seis de la tarde a doce, por aquello del calor. <\/span><\/p>\n<p><span style=\"color: #000080;\">En este zoco pueden \u00a0adquirirse productos artesanales de distinto tipo como moda, complementos, decoraci\u00f3n y gourmet, y en cada edici\u00f3n va incorporando nuevos participantes. Este s\u00e1bado, por ejemplo, se estrenar\u00e1n La hoja azul o Genza entre otros.<\/span><\/p>\n<p><script type=\"text\/javascript\">var addthis_config = {\"data_track_clickback\":true,\"data_track_addressbar\":false,\"data_track_textcopy\":false,\"ui_atversion\":\"300\"}; var addthis_product = 'wpp-3.0.2';<\/script><script type=\"text\/javascript\" src=\"\/\/s7.addthis.com\/js\/300\/addthis_widget.js#pubid=ra-50fc27702fb34fca\"><\/script><\/p>\n<p><img loading=\"lazy\" class=\"aligncenter size-full wp-image-1989\" title=\"III Puerto Marina Market, s\u00e1bado 1 de junio\" src=\"\/-que-le-compro-\/wp-content\/uploads\/sites\/19\/2013\/05\/puerto-marina.jpg\" alt=\"III Puerto Marina Market, s\u00e1bado 1 de junio\" width=\"450\" height=\"338\" srcset=\"https:\/\/static-blogs.diariosur.es\/wp-content\/uploads\/sites\/19\/2013\/05\/puerto-marina.jpg 450w, https:\/\/static-blogs.diariosur.es\/wp-content\/uploads\/sites\/19\/2013\/05\/puerto-marina-300x225.jpg 300w\" sizes=\"(max-width: 450px) 100vw, 450px\" \/><\/p>\n","protected":false},"excerpt":{"rendered":"<p>Este s\u00e1bado, al ser el primero del mes, acudir\u00e1 puntual a su cita (salvo imprevistos de ultim\u00edsima hora, en cuyo caso se pasar\u00eda a la siguiente semana) Puerto Marina Market, que cumple su tercera edici\u00f3n. Este mercadillo ofrece la posibilidad de realizar compras originales en un entorno \u00fanico, en pleno puerto deportivo de Benalm\u00e1dena. Concretamente, [&hellip;]<\/p>\n","protected":false},"author":24,"featured_media":0,"comment_status":"open","ping_status":"open","sticky":false,"template":"","format":"standard","meta":[],"categories":[3,4],"tags":[1544,1880,2358,3063,3066],"_links":{"self":[{"href":"https:\/\/blogs.diariosur.es\/-que-le-compro-\/wp-json\/wp\/v2\/posts\/1988"}],"collection":[{"href":"https:\/\/blogs.diariosur.es\/-que-le-compro-\/wp-json\/wp\/v2\/posts"}],"about":[{"href":"https:\/\/blogs.diariosur.es\/-que-le-compro-\/wp-json\/wp\/v2\/types\/post"}],"author":[{"embeddable":true,"href":"https:\/\/blogs.diariosur.es\/-que-le-compro-\/wp-json\/wp\/v2\/users\/24"}],"replies":[{"embeddable":true,"href":"https:\/\/blogs.diariosur.es\/-que-le-compro-\/wp-json\/wp\/v2\/comments?post=1988"}],"version-history":[{"count":0,"href":"https:\/\/blogs.diariosur.es\/-que-le-compro-\/wp-json\/wp\/v2\/posts\/1988\/revisions"}],"wp:attachment":[{"href":"https:\/\/blogs.diariosur.es\/-que-le-compro-\/wp-json\/wp\/v2\/media?parent=1988"}],"wp:term":[{"taxonomy":"category","embeddable":true,"href":"https:\/\/blogs.diariosur.es\/-que-le-compro-\/wp-json\/wp\/v2\/categories?post=1988"},{"taxonomy":"post_tag","embeddable":true,"href":"https:\/\/blogs.diariosur.es\/-que-le-compro-\/wp-json\/wp\/v2\/tags?post=1988"}],"curies":[{"name":"wp","href":"https:\/\/api.w.org\/{rel}","templated":true}]}}