{"id":1991,"date":"2013-06-01T16:29:40","date_gmt":"2013-06-01T14:29:40","guid":{"rendered":"http:\/\/blogs.diariosur.es\/-que-le-compro-\/?p=1991"},"modified":"2013-06-01T16:29:40","modified_gmt":"2013-06-01T14:29:40","slug":"rastrillo-de-san-bernabe-en-marbella-a-beneficio-de-horizonte-proyecto-hombre","status":"publish","type":"post","link":"https:\/\/blogs.diariosur.es\/-que-le-compro-\/2013\/06\/01\/rastrillo-de-san-bernabe-en-marbella-a-beneficio-de-horizonte-proyecto-hombre\/","title":{"rendered":"Rastrillo de San Bernab\u00e9 en Marbella a beneficio de Horizonte Proyecto Hombre"},"content":{"rendered":"<p><span style=\"color: #333399;\">El Parque de la Alameda volver\u00e1 a ser un punto de compras solidarias con la celebraci\u00f3n del Rastrillo de la Feria de San Bernab\u00e9, que se celebrar\u00e1 este domingo a beneficio de la asociaci\u00f3n Horizonte Proyecto Hombre.<\/span><\/p>\n<p><img loading=\"lazy\" class=\"aligncenter size-full wp-image-1992\" title=\"Rastrillo San Bernab\u00e9 en Marbella, 2 de junio\" src=\"\/-que-le-compro-\/wp-content\/uploads\/sites\/19\/2013\/05\/rastrillo-marbella-blog.jpg\" alt=\"Rastrillo San Bernab\u00e9 en Marbella, 2 de junio\" width=\"500\" height=\"295\" srcset=\"https:\/\/static-blogs.diariosur.es\/wp-content\/uploads\/sites\/19\/2013\/05\/rastrillo-marbella-blog.jpg 500w, https:\/\/static-blogs.diariosur.es\/wp-content\/uploads\/sites\/19\/2013\/05\/rastrillo-marbella-blog-300x177.jpg 300w\" sizes=\"(max-width: 500px) 100vw, 500px\" \/><\/p>\n<p><script type=\"text\/javascript\">var addthis_config = {\"data_track_clickback\":true,\"data_track_addressbar\":false,\"data_track_textcopy\":false,\"ui_atversion\":\"300\"}; var addthis_product = 'wpp-3.0.2';<\/script><script type=\"text\/javascript\" src=\"\/\/s7.addthis.com\/js\/300\/addthis_widget.js#pubid=ra-50fc27702fb34fca\"><\/script><br \/>\n<span style=\"color: #333399;\">De diez de la ma\u00f1ana hasta la noche, cerca de 100 personas voluntarias madrugar\u00e1n para montar y atender las decenas de puestos que habr\u00e1 y en los que se podr\u00e1 encontrar desde vistosos vestidos para disfrutar de la feria de Marbella a los complementos y, como ocurre cada dos meses en este escenario, una amplia variedad de art\u00edculos como libros, discos, cuentos, pel\u00edculas, moda y decoraci\u00f3n.\u00a0<\/span><\/p>\n<p><span style=\"color: #333399;\">Adem\u00e1s, la barra y la terraza permanecer\u00e1n abiertas durante todo el d\u00eda con paella, pinchos y tapas a la hora de comer.\u00a0<\/span><\/p>\n<p><span style=\"color: #333399;\">Y os recuerdo que paralelamente en M\u00e1laga capital el mercadillo Ba\u00f1os del Carmen acudir\u00e1 puntual a su cita por la ma\u00f1ana del primer domingo de cada mes en el paseo mar\u00edtimo de El Palo.<\/span><\/p>\n","protected":false},"excerpt":{"rendered":"<p>El Parque de la Alameda volver\u00e1 a ser un punto de compras solidarias con la celebraci\u00f3n del Rastrillo de la Feria de San Bernab\u00e9, que se celebrar\u00e1 este domingo a beneficio de la asociaci\u00f3n Horizonte Proyecto Hombre. De diez de la ma\u00f1ana hasta la noche, cerca de 100 personas voluntarias madrugar\u00e1n para montar y atender [&hellip;]<\/p>\n","protected":false},"author":24,"featured_media":0,"comment_status":"open","ping_status":"open","sticky":false,"template":"","format":"standard","meta":[],"categories":[3,4],"tags":[1383,1646,2181,2184],"_links":{"self":[{"href":"https:\/\/blogs.diariosur.es\/-que-le-compro-\/wp-json\/wp\/v2\/posts\/1991"}],"collection":[{"href":"https:\/\/blogs.diariosur.es\/-que-le-compro-\/wp-json\/wp\/v2\/posts"}],"about":[{"href":"https:\/\/blogs.diariosur.es\/-que-le-compro-\/wp-json\/wp\/v2\/types\/post"}],"author":[{"embeddable":true,"href":"https:\/\/blogs.diariosur.es\/-que-le-compro-\/wp-json\/wp\/v2\/users\/24"}],"replies":[{"embeddable":true,"href":"https:\/\/blogs.diariosur.es\/-que-le-compro-\/wp-json\/wp\/v2\/comments?post=1991"}],"version-history":[{"count":0,"href":"https:\/\/blogs.diariosur.es\/-que-le-compro-\/wp-json\/wp\/v2\/posts\/1991\/revisions"}],"wp:attachment":[{"href":"https:\/\/blogs.diariosur.es\/-que-le-compro-\/wp-json\/wp\/v2\/media?parent=1991"}],"wp:term":[{"taxonomy":"category","embeddable":true,"href":"https:\/\/blogs.diariosur.es\/-que-le-compro-\/wp-json\/wp\/v2\/categories?post=1991"},{"taxonomy":"post_tag","embeddable":true,"href":"https:\/\/blogs.diariosur.es\/-que-le-compro-\/wp-json\/wp\/v2\/tags?post=1991"}],"curies":[{"name":"wp","href":"https:\/\/api.w.org\/{rel}","templated":true}]}}