{"id":1993,"date":"2013-05-29T10:02:43","date_gmt":"2013-05-29T08:02:43","guid":{"rendered":"http:\/\/blogs.diariosur.es\/-que-le-compro-\/?p=1993"},"modified":"2013-05-29T10:02:43","modified_gmt":"2013-05-29T08:02:43","slug":"hm-abre-tienda-en-velez-malaga-con-descuentos","status":"publish","type":"post","link":"https:\/\/blogs.diariosur.es\/-que-le-compro-\/2013\/05\/29\/hm-abre-tienda-en-velez-malaga-con-descuentos\/","title":{"rendered":"H&#038;M abre tienda en V\u00e9lez-M\u00e1laga con descuentos"},"content":{"rendered":"<p><span style=\"color: #333399;\"><strong>H&#038;M<\/strong> abre tienda en V\u00e9lez-M\u00e1laga. El gran d\u00eda ser\u00e1 <span style=\"text-decoration: underline;\">este jueves, 30 de mayo<\/span>, y el nuevo local estar\u00e1 en el centro comercial El Ingenio. Para celebrar esta llegada,\u00a0los fans de Facebook de la firma podr\u00e1n descargarse en su p\u00e1gina de esta red social un cup\u00f3n con un descuento del 20% en la prenda que elijan que ser\u00e1 v\u00e1lido durante todo el d\u00eda 30 y que puedes <strong><a href=\"http:\/\/bit.ly\/17tnumv\" rel=\"external nofollow\"><span style=\"color: #333399;\">obtener pinchando aqu\u00ed\u00a0<\/span><\/a><\/strong><\/span><\/p>\n<p><span style=\"color: #333399;\">La nueva tienda contar\u00e1 con una superficie de 1.260 metros cuadrados, en los que ofrecer\u00e1 sus colecciones para mujer, moda y ni\u00f1os junto a complementos, lencer\u00eda y cosm\u00e9tica. Y para celebrar esta inauguraci\u00f3n, los cien primeros clientes recibir\u00e1n un obsequio.\u00a0<\/span><\/p>\n<p><script type=\"text\/javascript\">var addthis_config = {\"data_track_clickback\":true,\"data_track_addressbar\":false,\"data_track_textcopy\":false,\"ui_atversion\":\"300\"}; var addthis_product = 'wpp-3.0.2';<\/script><script type=\"text\/javascript\" src=\"\/\/s7.addthis.com\/js\/300\/addthis_widget.js#pubid=ra-50fc27702fb34fca\"><\/script><\/p>\n<p><span style=\"color: #333399;\">Con esta ya son siete las tiendas de esta empresa en M\u00e1laga, ya que el a\u00f1o pasado abri\u00f3 en Marbella (en el centro comercial Marina Ban\u00fas) en diciembre y en febrero &#8216;tomaron&#8217; el antiguo edificio de los almacenes F\u00e9lix S\u00e1enz, en el Centro Hist\u00f3rico de la capital. Adem\u00e1s, la empresa cuenta con otras dos tiendas en los centros comerciales de Vialia-Estaci\u00f3n Mar\u00eda Zambrano y Plaza Mayor, en la capital, mientras que en la provincia se encuentra tambi\u00e9n en Marbella (La Ca\u00f1ada) y Fuengirola (centro comercial Parque Miramar).<\/span><\/p>\n","protected":false},"excerpt":{"rendered":"<p>H&#038;M abre tienda en V\u00e9lez-M\u00e1laga. El gran d\u00eda ser\u00e1 este jueves, 30 de mayo, y el nuevo local estar\u00e1 en el centro comercial El Ingenio. Para celebrar esta llegada,\u00a0los fans de Facebook de la firma podr\u00e1n descargarse en su p\u00e1gina de esta red social un cup\u00f3n con un descuento del 20% en la prenda que [&hellip;]<\/p>\n","protected":false},"author":24,"featured_media":0,"comment_status":"open","ping_status":"open","sticky":false,"template":"","format":"standard","meta":[],"categories":[2,7],"tags":[1045,1208,1598,3675,3710],"_links":{"self":[{"href":"https:\/\/blogs.diariosur.es\/-que-le-compro-\/wp-json\/wp\/v2\/posts\/1993"}],"collection":[{"href":"https:\/\/blogs.diariosur.es\/-que-le-compro-\/wp-json\/wp\/v2\/posts"}],"about":[{"href":"https:\/\/blogs.diariosur.es\/-que-le-compro-\/wp-json\/wp\/v2\/types\/post"}],"author":[{"embeddable":true,"href":"https:\/\/blogs.diariosur.es\/-que-le-compro-\/wp-json\/wp\/v2\/users\/24"}],"replies":[{"embeddable":true,"href":"https:\/\/blogs.diariosur.es\/-que-le-compro-\/wp-json\/wp\/v2\/comments?post=1993"}],"version-history":[{"count":0,"href":"https:\/\/blogs.diariosur.es\/-que-le-compro-\/wp-json\/wp\/v2\/posts\/1993\/revisions"}],"wp:attachment":[{"href":"https:\/\/blogs.diariosur.es\/-que-le-compro-\/wp-json\/wp\/v2\/media?parent=1993"}],"wp:term":[{"taxonomy":"category","embeddable":true,"href":"https:\/\/blogs.diariosur.es\/-que-le-compro-\/wp-json\/wp\/v2\/categories?post=1993"},{"taxonomy":"post_tag","embeddable":true,"href":"https:\/\/blogs.diariosur.es\/-que-le-compro-\/wp-json\/wp\/v2\/tags?post=1993"}],"curies":[{"name":"wp","href":"https:\/\/api.w.org\/{rel}","templated":true}]}}