{"id":1994,"date":"2013-05-30T19:25:17","date_gmt":"2013-05-30T17:25:17","guid":{"rendered":"http:\/\/blogs.diariosur.es\/-que-le-compro-\/?p=1994"},"modified":"2013-05-30T19:25:17","modified_gmt":"2013-05-30T17:25:17","slug":"mercado-medieval-en-alhaurin-de-la-torre-programa-de-villa-del-medievo","status":"publish","type":"post","link":"https:\/\/blogs.diariosur.es\/-que-le-compro-\/2013\/05\/30\/mercado-medieval-en-alhaurin-de-la-torre-programa-de-villa-del-medievo\/","title":{"rendered":"Mercado medieval en Alhaur\u00edn de la Torre, programa de Villa del Medievo"},"content":{"rendered":"<p><span style=\"color: #333399;\">Alhaur\u00edn de la Torre se transforma para dar un salto en el tiempo. Desde este viernes, 31 de mayo al 2 de junio, el Barrio Viejo de Alhaur\u00edn de la Torre y la plaza de Espa\u00f1a se convertir\u00e1n en una villa medieval que contar\u00e1 con m\u00e1s de 50 actividades diferentes entre las que figuran espect\u00e1culos de flamenco, cetrer\u00eda o lanzadores de fuego.<\/span><\/p>\n<p><span style=\"color: #333399;\">Adem\u00e1s, habr\u00e1 un gran mercadillo de \u00e9poca que reunir\u00e1 a artesanos de toda Espa\u00f1a, por lo que se podr\u00e1 disfrutar de m\u00e1s de 200 expositores en un evento que quiere rendir homenaje a las civilizaciones que han pasado por estas tierras, con una fusi\u00f3n de las culturas \u00e1rabe y cristiana.<\/span><\/p>\n<p>&nbsp;<\/p>\n<p><span style=\"text-decoration: underline; color: #333399;\">\u00a0VIERNES 31 DE MAYO\u00a0<\/span><\/p>\n<p><span style=\"color: #333399;\">11.00 h. El mercado cobra vida.<\/span><br \/>\n<span style=\"color: #333399;\">12.00 h. Pasacalles musical (Wyrdamur)<\/span><br \/>\n<span style=\"color: #333399;\">12.30 h. Llegados de tierras lejanas (Confusi\u00f3n)<\/span><br \/>\n<span style=\"color: #333399;\">13.00 h. Baile suf\u00ed (Emad)<\/span><br \/>\n<span style=\"color: #333399;\">13.30 h. Concierto de Calle (Wyrdamur)<\/span><br \/>\n<span style=\"color: #333399;\">14.00 h. Los Comepiedras (Confusi\u00f3n)<\/span><br \/>\n<span style=\"color: #333399;\">14,30 h. Descanso para el buen llantar<\/span><\/p>\n<p><span style=\"color: #333399;\">18.00 h. El Mercado Cobra vida<\/span><br \/>\n<span style=\"color: #333399;\">18.30 h. Ronda Musical trovadoresca (Wyrdamur y Atraspies)<\/span><br \/>\n<span style=\"color: #333399;\">19.00 h. Baile suf\u00ed (Emad)<\/span><br \/>\n<span style=\"color: #333399;\">19.30 h. El Come Piedras (Confusi\u00f3n)<\/span><br \/>\n<span style=\"color: #333399;\">20.00 h. Los C\u00f3micos (atraspies)<\/span><br \/>\n<span style=\"color: #333399;\">20.30 h. Concierto de Calle (Wyrdamur)<\/span><br \/>\n<span style=\"color: #333399;\">21.00 h. Baile suf\u00ed (Emad)<\/span><br \/>\n<span style=\"color: #333399;\">21,30 h. Los Duendes (Confusi\u00f3n)<\/span><br \/>\n<span style=\"color: #333399;\">22.00 h. Actuaci\u00f3n Cante Flamenco: Mar\u00eda Cort\u00e9s. Flamenco Fusi\u00f3n. <\/span><br \/>\n<span style=\"color: #333399;\">22.00 h. La Captura del Drag\u00f3n (Wyrdamur, atraspies y confusi\u00f3n)<\/span><br \/>\n<span style=\"color: #333399;\">22,30 h. Llamaradas (atraspies )<\/span><br \/>\n<span style=\"text-decoration: underline; color: #333399;\">S\u00c1BADO 1 DE JUNIO<\/span><\/p>\n<p><span style=\"color: #333399;\">11.00 h. El Mercado cobra vida<\/span><\/p>\n<p><span style=\"color: #333399;\">11.30 h. C\u00f3micos y malabaristas recorren el mercado<\/span><br \/>\n<span style=\"color: #333399;\">12.00 h. Baile suf\u00ed (Emad)<\/span><br \/>\n<span style=\"color: #333399;\">12.30 h. Llegados de tierras lejanas (Confusi\u00f3n)<\/span><br \/>\n<span style=\"color: #333399;\">13.00 h. Concierto de calle (Wyrdamur)<\/span><br \/>\n<span style=\"color: #333399;\">13.30 h. Lanzadores de cuchillos (atraspi\u00e9s circo)<\/span><br \/>\n<span style=\"color: #333399;\">14.00 h. Baile suf\u00ed (Emad)<\/span><br \/>\n<span style=\"color: #333399;\">14,30 h. Los alegres tarados del ritmo (Wyrdamur)<\/span><br \/>\n<span style=\"color: #333399;\">15,00 h. Descanso para el buen llantar<\/span><\/p>\n<p><span style=\"color: #333399;\">18.00 h. El Mercado Cobra vida<\/span><br \/>\n<span style=\"color: #333399;\">18.30 h. Ronda Musical trovadoresca (Wyrdamur y Atraspies)<\/span><br \/>\n<span style=\"color: #333399;\">19.00 h. Baile suf\u00ed (Emad)<\/span><br \/>\n<span style=\"color: #333399;\">19.30 h. El Come Piedras (Confusi\u00f3n)<\/span><br \/>\n<span style=\"color: #333399;\">20.00 h. Los Elfos del bosque (atraspies)<\/span><br \/>\n<span style=\"color: #333399;\">20.30 h. Concierto de Calle (Wyrdamur)<\/span><br \/>\n<span style=\"color: #333399;\">21.00 h. Baile suf\u00ed (Emad)<\/span><br \/>\n<span style=\"color: #333399;\">21.30 h. Los Duendes (Confusi\u00f3n)<\/span><br \/>\n<span style=\"color: #333399;\">22.00 h. Actuaci\u00f3n Cante Flamenco: Cuadro Flamenco de Sergio Maqueda &#8220;El Turrano&#8221; <\/span><br \/>\n<span style=\"color: #333399;\">22.00 h. La Captura del Drag\u00f3n<\/span><br \/>\n<span style=\"color: #333399;\">23,00 h. La Fiesta del Fuego (atraspies )<\/span><br \/>\n<span style=\"text-decoration: underline; color: #333399;\">DOMINGO 2 DE JUNIO\u00a0<\/span><\/p>\n<p><span style=\"color: #333399;\">11.00 h. El Mercado cobra vida<\/span><br \/>\n<span style=\"color: #333399;\">11.30 h. Los Alegres Tarados del ritmo (Wyrdamur)<\/span><br \/>\n<span style=\"color: #333399;\">12.00 h. Baile suf\u00ed (Emad)<\/span><br \/>\n<span style=\"color: #333399;\">12.30 h. Llegados de tierras lejanas (Confusi\u00f3n)<\/span><br \/>\n<span style=\"color: #333399;\">13.00 h. Concierto de calle (Wyrdamur)<\/span><br \/>\n<span style=\"color: #333399;\">13.30 h. Los Bufones (atraspi\u00e9s circo)<\/span><br \/>\n<span style=\"color: #333399;\">14.00 h. Baile suf\u00ed (Emad)<\/span><br \/>\n<span style=\"color: #333399;\">14,30 h. Wyrdamur<\/span><br \/>\n<span style=\"color: #333399;\">15,00 h. Descanso para el buen llantar<\/span><\/p>\n<p><span style=\"color: #333399;\">18.00 h. El Mercado Cobra vida<\/span><br \/>\n<span style=\"color: #333399;\">18.30 h. Ronda Musical trovadoresca (Wyrdamur y Atraspies)<\/span><br \/>\n<span style=\"color: #333399;\">19.00 h. Baile suf\u00ed (Emad)<\/span><br \/>\n<span style=\"color: #333399;\">19.30 h. El Come Piedras (Confusi\u00f3n)<\/span><br \/>\n<span style=\"color: #333399;\">20.00 h. Los C\u00f3micos (atraspies)<\/span><br \/>\n<span style=\"color: #333399;\">20.30 h. Concierto de Calle (Wyrdamur)<\/span><br \/>\n<span style=\"color: #333399;\">21.00 h. Baile suf\u00ed (Emad)<\/span><br \/>\n<span style=\"color: #333399;\">21.30 h. Los Duendes (Confusi\u00f3n)<\/span><br \/>\n<span style=\"color: #333399;\">22.00 h. La Captura del Drag\u00f3n<\/span><br \/>\n<span style=\"color: #333399;\">22.30 h. Llamaradas (atraspies )<\/span><\/p>\n<p><script type=\"text\/javascript\">var addthis_config = {\"data_track_clickback\":true,\"data_track_addressbar\":false,\"data_track_textcopy\":false,\"ui_atversion\":\"300\"}; var addthis_product = 'wpp-3.0.2';<\/script><script type=\"text\/javascript\" src=\"\/\/s7.addthis.com\/js\/300\/addthis_widget.js#pubid=ra-50fc27702fb34fca\"><\/script><\/p>\n<p style=\"text-align: center;\"><img loading=\"lazy\" class=\"size-full wp-image-1995\" title=\"Villa del Medievo en Alhaur\u00edn de la Torre, 31 mayo-2 de junio 2013\" src=\"\/-que-le-compro-\/wp-content\/uploads\/sites\/19\/2013\/05\/mercado-medieval.jpg\" alt=\"Villa del Medievo en Alhaur\u00edn de la Torre, 31 mayo-2 de junio 2013\" width=\"500\" height=\"707\" srcset=\"https:\/\/static-blogs.diariosur.es\/wp-content\/uploads\/sites\/19\/2013\/05\/mercado-medieval.jpg 500w, https:\/\/static-blogs.diariosur.es\/wp-content\/uploads\/sites\/19\/2013\/05\/mercado-medieval-212x300.jpg 212w\" sizes=\"(max-width: 500px) 100vw, 500px\" \/><\/p>\n","protected":false},"excerpt":{"rendered":"<p>Alhaur\u00edn de la Torre se transforma para dar un salto en el tiempo. Desde este viernes, 31 de mayo al 2 de junio, el Barrio Viejo de Alhaur\u00edn de la Torre y la plaza de Espa\u00f1a se convertir\u00e1n en una villa medieval que contar\u00e1 con m\u00e1s de 50 actividades diferentes entre las que figuran espect\u00e1culos [&hellip;]<\/p>\n","protected":false},"author":24,"featured_media":0,"comment_status":"open","ping_status":"open","sticky":false,"template":"","format":"standard","meta":[],"categories":[4],"tags":[1920,2234,2435,3891],"_links":{"self":[{"href":"https:\/\/blogs.diariosur.es\/-que-le-compro-\/wp-json\/wp\/v2\/posts\/1994"}],"collection":[{"href":"https:\/\/blogs.diariosur.es\/-que-le-compro-\/wp-json\/wp\/v2\/posts"}],"about":[{"href":"https:\/\/blogs.diariosur.es\/-que-le-compro-\/wp-json\/wp\/v2\/types\/post"}],"author":[{"embeddable":true,"href":"https:\/\/blogs.diariosur.es\/-que-le-compro-\/wp-json\/wp\/v2\/users\/24"}],"replies":[{"embeddable":true,"href":"https:\/\/blogs.diariosur.es\/-que-le-compro-\/wp-json\/wp\/v2\/comments?post=1994"}],"version-history":[{"count":0,"href":"https:\/\/blogs.diariosur.es\/-que-le-compro-\/wp-json\/wp\/v2\/posts\/1994\/revisions"}],"wp:attachment":[{"href":"https:\/\/blogs.diariosur.es\/-que-le-compro-\/wp-json\/wp\/v2\/media?parent=1994"}],"wp:term":[{"taxonomy":"category","embeddable":true,"href":"https:\/\/blogs.diariosur.es\/-que-le-compro-\/wp-json\/wp\/v2\/categories?post=1994"},{"taxonomy":"post_tag","embeddable":true,"href":"https:\/\/blogs.diariosur.es\/-que-le-compro-\/wp-json\/wp\/v2\/tags?post=1994"}],"curies":[{"name":"wp","href":"https:\/\/api.w.org\/{rel}","templated":true}]}}