{"id":1998,"date":"2013-06-03T17:04:40","date_gmt":"2013-06-03T15:04:40","guid":{"rendered":"http:\/\/blogs.diariosur.es\/-que-le-compro-\/?p=1998"},"modified":"2013-06-03T17:04:40","modified_gmt":"2013-06-03T15:04:40","slug":"vuelve-el-dia-sin-iva-de-media-markt-descuentos-del-21","status":"publish","type":"post","link":"https:\/\/blogs.diariosur.es\/-que-le-compro-\/2013\/06\/03\/vuelve-el-dia-sin-iva-de-media-markt-descuentos-del-21\/","title":{"rendered":"Vuelve el D\u00eda sin IVA de Media Markt, descuentos del 21%"},"content":{"rendered":"<p><span style=\"color: #333399;\">Media Markt celebra hoy su D\u00eda Sin IVA con descuentos del 21% en todos sus productos. Para quien a\u00fan no conozca de qu\u00e9 va eso, que sepa que a lo largo de este lunes, 3 de junio,\u00a0se restar\u00e1 del precio final el importe equivalente al 21% del IVA que se aplica al precio de cada una de las m\u00e1s de 50.000 referencias de marca que hay en sus establecimientos, a excepci\u00f3n de los libros, productos de telefon\u00eda con operador y servicios<\/span><\/p>\n<p><script type=\"text\/javascript\">var addthis_config = {\"data_track_clickback\":true,\"data_track_addressbar\":false,\"data_track_textcopy\":false,\"ui_atversion\":\"300\"}; var addthis_product = 'wpp-3.0.2';<\/script><script type=\"text\/javascript\" src=\"\/\/s7.addthis.com\/js\/300\/addthis_widget.js#pubid=ra-50fc27702fb34fca\"><\/script><\/p>\n<p><span style=\"color: #333399;\">La campa\u00f1a, activa desde anoche en la tienda online, puede disfrutarse a lo largo del d\u00eda en los 69 establecimientos que la marca tiene distribuidos por todo el pa\u00eds.<\/span><\/p>\n<p><span style=\"color: #333399;\">\u00a1A aprovechar!<\/span><\/p>\n<p>&nbsp;<\/p>\n","protected":false},"excerpt":{"rendered":"<p>Media Markt celebra hoy su D\u00eda Sin IVA con descuentos del 21% en todos sus productos. Para quien a\u00fan no conozca de qu\u00e9 va eso, que sepa que a lo largo de este lunes, 3 de junio,\u00a0se restar\u00e1 del precio final el importe equivalente al 21% del IVA que se aplica al precio de cada [&hellip;]<\/p>\n","protected":false},"author":24,"featured_media":0,"comment_status":"open","ping_status":"open","sticky":false,"template":"","format":"standard","meta":[],"categories":[7],"tags":[1110,3720],"_links":{"self":[{"href":"https:\/\/blogs.diariosur.es\/-que-le-compro-\/wp-json\/wp\/v2\/posts\/1998"}],"collection":[{"href":"https:\/\/blogs.diariosur.es\/-que-le-compro-\/wp-json\/wp\/v2\/posts"}],"about":[{"href":"https:\/\/blogs.diariosur.es\/-que-le-compro-\/wp-json\/wp\/v2\/types\/post"}],"author":[{"embeddable":true,"href":"https:\/\/blogs.diariosur.es\/-que-le-compro-\/wp-json\/wp\/v2\/users\/24"}],"replies":[{"embeddable":true,"href":"https:\/\/blogs.diariosur.es\/-que-le-compro-\/wp-json\/wp\/v2\/comments?post=1998"}],"version-history":[{"count":0,"href":"https:\/\/blogs.diariosur.es\/-que-le-compro-\/wp-json\/wp\/v2\/posts\/1998\/revisions"}],"wp:attachment":[{"href":"https:\/\/blogs.diariosur.es\/-que-le-compro-\/wp-json\/wp\/v2\/media?parent=1998"}],"wp:term":[{"taxonomy":"category","embeddable":true,"href":"https:\/\/blogs.diariosur.es\/-que-le-compro-\/wp-json\/wp\/v2\/categories?post=1998"},{"taxonomy":"post_tag","embeddable":true,"href":"https:\/\/blogs.diariosur.es\/-que-le-compro-\/wp-json\/wp\/v2\/tags?post=1998"}],"curies":[{"name":"wp","href":"https:\/\/api.w.org\/{rel}","templated":true}]}}