{"id":2003,"date":"2013-06-07T22:42:28","date_gmt":"2013-06-07T20:42:28","guid":{"rendered":"http:\/\/blogs.diariosur.es\/-que-le-compro-\/?p=2003"},"modified":"2013-06-07T22:42:28","modified_gmt":"2013-06-07T20:42:28","slug":"craftsma-estrena-horario-de-verano-rincon-de-la-victoria-agenda-de-mercadillos","status":"publish","type":"post","link":"https:\/\/blogs.diariosur.es\/-que-le-compro-\/2013\/06\/07\/craftsma-estrena-horario-de-verano-rincon-de-la-victoria-agenda-de-mercadillos\/","title":{"rendered":"Craftsma estrena horario en Rinc\u00f3n de la Victoria. Agenda de mercadillos del fin de semana en M\u00e1laga"},"content":{"rendered":"<p><img loading=\"lazy\" class=\"size-full wp-image-2004\" title=\"Craftsma Rinc\u00f3n de la Victoria, 8 de junio\" src=\"\/-que-le-compro-\/wp-content\/uploads\/sites\/19\/2013\/06\/craftsma-rincon.jpg\" alt=\"Craftsma Rinc\u00f3n de la Victoria, 8 de junio\" width=\"450\" height=\"590\" srcset=\"https:\/\/static-blogs.diariosur.es\/wp-content\/uploads\/sites\/19\/2013\/06\/craftsma-rincon.jpg 450w, https:\/\/static-blogs.diariosur.es\/wp-content\/uploads\/sites\/19\/2013\/06\/craftsma-rincon-229x300.jpg 229w\" sizes=\"(max-width: 450px) 100vw, 450px\" \/><\/p>\n<p>&nbsp;<\/p>\n<p><span style=\"color: #000080;\">La muestra de dise\u00f1adores <strong>Craftsma (Crafts Market M\u00e1laga)<\/strong> vuelve a Rinc\u00f3n de la Victoria este s\u00e1bado. Y lo hace por todo lo alto, ya que contar\u00e1 con m\u00e1s de 40 stands lo que supone, seg\u00fan nos cuentan, la mayor cifra de participantes de este mercadillo en la plaza Al-\u00c1ndalus. Adem\u00e1s, estrena horario de verano, as\u00ed que se celebrar\u00e1 <span style=\"text-decoration: underline;\">de siete de la tarde a doce de la noche<\/span>. Como siempre, ya sab\u00e9is, se podr\u00e1 encontrar cientos de art\u00edculos originales hechos a mano de moda, complementos, decoraci\u00f3n, bisuter\u00eda, accesorios para el beb\u00e9, as\u00ed que es una visita m\u00e1s que recomendable.<\/span><\/p>\n<p><span style=\"color: #000080;\">Pero esta no es la \u00fanica cita de compras para este fin de semana, ni mucho menos. Por un lado, la asociaci\u00f3n <strong>Guadalhorce Ecol\u00f3gico<\/strong> lleva a La Malagueta, ya en M\u00e1laga capital, su mercadillo ecol\u00f3gico mensual, as\u00ed que en los alrededores del Paseo de Reding podr\u00e1n adquirirse distintos productos de la huerta frescos y sanos a muy buen precio este s\u00e1bado. De diez de la ma\u00f1ana a dos de la tarde. La cita coincidir\u00e1 con una nueva edici\u00f3n del <strong>Cerrado Food Market<\/strong>, en el Cerrado de Calder\u00f3n, que ofrece un <a href=\"https:\/\/blogs.diariosur.es\/-que-le-compro-\/2013\/06\/06\/taller-gratis-de-educacion-emocional-en-cerrado-food-market\/\"><span style=\"color: #000080;\">taller gratuito de educaci\u00f3n emocional<\/span><\/a>. Y con los artesanos de <strong>La Casa Invisible<\/strong>, que de 12 a 18 horas exhibir\u00e1n sus creaciones en el patio interior de este recinto, en pleno Centro Hist\u00f3rico de M\u00e1laga (calle Nosquera 11). <\/span><\/p>\n<p><span style=\"color: #000080;\">Y para el domingo, <strong>Muelle Uno<\/strong> celebra al ser el segundo domingo del mes su Zoco que se desarrolla de manera paralela a la muestra de la asociaci\u00f3n {re} Uni\u00f3n de Creadores, de once de la ma\u00f1ana a cuatro de la tarde.<\/span><\/p>\n<p><script type=\"text\/javascript\">var addthis_config = {\"data_track_clickback\":true,\"data_track_addressbar\":false,\"data_track_textcopy\":false,\"ui_atversion\":\"300\"}; var addthis_product = 'wpp-3.0.2';<\/script><script type=\"text\/javascript\" src=\"\/\/s7.addthis.com\/js\/300\/addthis_widget.js#pubid=ra-50fc27702fb34fca\"><\/script><\/p>\n<p><span style=\"color: #000080;\">\u00a1Buen fin de semana!<\/span><\/p>\n<p>&nbsp;<\/p>\n","protected":false},"excerpt":{"rendered":"<p>&nbsp; La muestra de dise\u00f1adores Craftsma (Crafts Market M\u00e1laga) vuelve a Rinc\u00f3n de la Victoria este s\u00e1bado. Y lo hace por todo lo alto, ya que contar\u00e1 con m\u00e1s de 40 stands lo que supone, seg\u00fan nos cuentan, la mayor cifra de participantes de este mercadillo en la plaza Al-\u00c1ndalus. Adem\u00e1s, estrena horario de verano, [&hellip;]<\/p>\n","protected":false},"author":24,"featured_media":0,"comment_status":"open","ping_status":"open","sticky":false,"template":"","format":"standard","meta":[],"categories":[4],"tags":[318,718,936,1584,2257,3968],"_links":{"self":[{"href":"https:\/\/blogs.diariosur.es\/-que-le-compro-\/wp-json\/wp\/v2\/posts\/2003"}],"collection":[{"href":"https:\/\/blogs.diariosur.es\/-que-le-compro-\/wp-json\/wp\/v2\/posts"}],"about":[{"href":"https:\/\/blogs.diariosur.es\/-que-le-compro-\/wp-json\/wp\/v2\/types\/post"}],"author":[{"embeddable":true,"href":"https:\/\/blogs.diariosur.es\/-que-le-compro-\/wp-json\/wp\/v2\/users\/24"}],"replies":[{"embeddable":true,"href":"https:\/\/blogs.diariosur.es\/-que-le-compro-\/wp-json\/wp\/v2\/comments?post=2003"}],"version-history":[{"count":0,"href":"https:\/\/blogs.diariosur.es\/-que-le-compro-\/wp-json\/wp\/v2\/posts\/2003\/revisions"}],"wp:attachment":[{"href":"https:\/\/blogs.diariosur.es\/-que-le-compro-\/wp-json\/wp\/v2\/media?parent=2003"}],"wp:term":[{"taxonomy":"category","embeddable":true,"href":"https:\/\/blogs.diariosur.es\/-que-le-compro-\/wp-json\/wp\/v2\/categories?post=2003"},{"taxonomy":"post_tag","embeddable":true,"href":"https:\/\/blogs.diariosur.es\/-que-le-compro-\/wp-json\/wp\/v2\/tags?post=2003"}],"curies":[{"name":"wp","href":"https:\/\/api.w.org\/{rel}","templated":true}]}}