{"id":2007,"date":"2013-06-10T20:32:36","date_gmt":"2013-06-10T18:32:36","guid":{"rendered":"http:\/\/blogs.diariosur.es\/-que-le-compro-\/?p=2007"},"modified":"2013-06-10T20:32:36","modified_gmt":"2013-06-10T18:32:36","slug":"moda-y-automoviles-exclusivos-en-una-exposicion-unica-en-el-ingenio-hasta-el-dia-30","status":"publish","type":"post","link":"https:\/\/blogs.diariosur.es\/-que-le-compro-\/2013\/06\/10\/moda-y-automoviles-exclusivos-en-una-exposicion-unica-en-el-ingenio-hasta-el-dia-30\/","title":{"rendered":"Moda y autom\u00f3viles exclusivos en una exposici\u00f3n \u00fanica en El Ingenio, hasta el d\u00eda 30"},"content":{"rendered":"<p><span style=\"color: #333399;\">Este es uno de esos eventos que gustan a todos, o al menos a una gran mayor\u00eda. Porque a\u00fana moda y autom\u00f3viles realmente exclusivos, as\u00ed que seguro que merecer\u00e1 la pena visitarlo. El escenario es el centro comercial <strong>El Ingenio,<\/strong> en V\u00e9lez-M\u00e1laga, <span style=\"text-decoration: underline;\">hasta el pr\u00f3ximo d\u00eda 30<\/span>, as\u00ed que apuntaoslo en la agenda porque all\u00ed el Museo\u00a0Automovil\u00edstico de M\u00e1laga ofrece una selecta muestra de algunos de los veh\u00edculos m\u00e1s destacados junto a una selecci\u00f3n de vestidos de alta costura que nunca antes hab\u00eda sido expuestos \u00a0en el exterior de las instalaciones del museo. <\/span><\/p>\n<p><span style=\"color: #333399;\">La selecci\u00f3n de los autos se ha llevado a cabo conforme a los modelos m\u00e1s representativos de varios de los espacios tem\u00e1ticos, seg\u00fan nos cuentan. As\u00ed, en la muestra <strong>Joyas Hist\u00f3ricas del Autom\u00f3vil y de la Moda del siglo XX<\/strong>\u00a0aparece el Cord USA de 1936, ubicado en la sala de Coches de Dise\u00f1o; el Cadillac Naranja que se puede encontrar habitualmente en la sala Coches de Sue\u00f1o; el Jaguar Inglaterra de 1954, un espectacular deportivo de la sala Dolce Vita; el llamativo Lincoln-Zhephyr de 1941 &#8220;Barracuda&#8221; del espacio dedicado al Tuning; o el Rolls-Royce Inglaterra de 1924, m\u00e1s conocido como \u201cEl frigor\u00edfico\u201d ya que en la d\u00e9cada de los 50 fue cambiado por este electrodom\u00e9stico. <\/span><\/p>\n<p><span style=\"color: #333399;\">En cuanto a los vestidos algunos de ellos son &#8220;Il Siciliano&#8221;, un modelo teatral y dram\u00e1tico creado por Loris Azzaro, alta costura de los a\u00f1os 70 en tul y encaje; &#8220;Andy Warhol&#8221; un vestido de Nina Ricci largo de seda con bordados de Lesage, la casa sin la que la alta costura no existir\u00eda, Nina y Warhol se influenciaron mutuamente. Tambi\u00e9n el modelo &#8220;Corolla&#8221;, un abrigo de Dior de principios de los 50 en seda &#8220;charmeuse&#8221; doblado a organza estilo new look; el &#8220;Aristocr\u00e1tico&#8221;, una falda de Antonio C\u00e1novas del Castillo del Rey que fue uno de los dise\u00f1adores m\u00e1s cotizados de la posguerra; &#8220;El Gran Gatbsy&#8221; un raro y aut\u00e9ntico vestido de los a\u00f1os 20 estilo charleston que perteneci\u00f3 a una dama francesa de la alta sociedad cuyo nombre no estamos autorizados a revelar. Por \u00faltimo el &#8220;Futur\u00edstico&#8221;, modelo del creador japon\u00e9s Issey Miyake que no es considerado como ropa sino como esculturas.<\/span><\/p>\n<p><script type=\"text\/javascript\">var addthis_config = {\"data_track_clickback\":true,\"data_track_addressbar\":false,\"data_track_textcopy\":false,\"ui_atversion\":\"300\"}; var addthis_product = 'wpp-3.0.2';<\/script><script type=\"text\/javascript\" src=\"\/\/s7.addthis.com\/js\/300\/addthis_widget.js#pubid=ra-50fc27702fb34fca\"><\/script><\/p>\n<p><span style=\"color: #333399;\">Aqu\u00ed pod\u00e9is ver en fotos algunas de las piezas especiales que forman parte de esta exposici\u00f3n, \u00a1a disfrutarla!<\/span><\/p>\n<p><img loading=\"lazy\" class=\"size-full wp-image-2008\" title=\"Vestidos de Maga Sublime Collection\" src=\"\/-que-le-compro-\/wp-content\/uploads\/sites\/19\/2013\/06\/INGENIO-BLOG.1.jpg\" alt=\"Vestidos de Maga Sublime Collection\" width=\"500\" height=\"262\" srcset=\"https:\/\/static-blogs.diariosur.es\/wp-content\/uploads\/sites\/19\/2013\/06\/INGENIO-BLOG.1.jpg 500w, https:\/\/static-blogs.diariosur.es\/wp-content\/uploads\/sites\/19\/2013\/06\/INGENIO-BLOG.1-300x157.jpg 300w\" sizes=\"(max-width: 500px) 100vw, 500px\" \/><\/p>\n<p>&nbsp;<\/p>\n<p><img loading=\"lazy\" class=\"size-full wp-image-2009 \" title=\"Vestidos de Maga Sublime Collection\" src=\"\/-que-le-compro-\/wp-content\/uploads\/sites\/19\/2013\/06\/INGENIO-BLOG2.jpg\" alt=\"Vestidos de Maga Sublime Collection\" width=\"500\" height=\"227\" srcset=\"https:\/\/static-blogs.diariosur.es\/wp-content\/uploads\/sites\/19\/2013\/06\/INGENIO-BLOG2.jpg 500w, https:\/\/static-blogs.diariosur.es\/wp-content\/uploads\/sites\/19\/2013\/06\/INGENIO-BLOG2-300x136.jpg 300w\" sizes=\"(max-width: 500px) 100vw, 500px\" \/><\/p>\n<p>&nbsp;<\/p>\n<p><img loading=\"lazy\" class=\"size-full wp-image-2010 \" title=\"Cord Usa de 1936\" src=\"\/-que-le-compro-\/wp-content\/uploads\/sites\/19\/2013\/06\/INGENIO-BLOG-CORD1936.jpg\" alt=\"Cord Usa de 1936\" width=\"500\" height=\"205\" srcset=\"https:\/\/static-blogs.diariosur.es\/wp-content\/uploads\/sites\/19\/2013\/06\/INGENIO-BLOG-CORD1936.jpg 500w, https:\/\/static-blogs.diariosur.es\/wp-content\/uploads\/sites\/19\/2013\/06\/INGENIO-BLOG-CORD1936-300x123.jpg 300w\" sizes=\"(max-width: 500px) 100vw, 500px\" \/><\/p>\n<p>&nbsp;<\/p>\n<p><img loading=\"lazy\" class=\"size-full wp-image-2011 \" title=\"Jaguar Inglaterra de 1954\" src=\"\/-que-le-compro-\/wp-content\/uploads\/sites\/19\/2013\/06\/INGENIO-BLOG-JAGUAR1954.jpg\" alt=\"Jaguar Inglaterra de 1954\" width=\"500\" height=\"220\" srcset=\"https:\/\/static-blogs.diariosur.es\/wp-content\/uploads\/sites\/19\/2013\/06\/INGENIO-BLOG-JAGUAR1954.jpg 500w, https:\/\/static-blogs.diariosur.es\/wp-content\/uploads\/sites\/19\/2013\/06\/INGENIO-BLOG-JAGUAR1954-300x132.jpg 300w\" sizes=\"(max-width: 500px) 100vw, 500px\" \/><\/p>\n","protected":false},"excerpt":{"rendered":"<p>Este es uno de esos eventos que gustan a todos, o al menos a una gran mayor\u00eda. Porque a\u00fana moda y autom\u00f3viles realmente exclusivos, as\u00ed que seguro que merecer\u00e1 la pena visitarlo. El escenario es el centro comercial El Ingenio, en V\u00e9lez-M\u00e1laga, hasta el pr\u00f3ximo d\u00eda 30, as\u00ed que apuntaoslo en la agenda porque all\u00ed [&hellip;]<\/p>\n","protected":false},"author":24,"featured_media":0,"comment_status":"open","ping_status":"open","sticky":false,"template":"","format":"standard","meta":[],"categories":[2,3],"tags":[1208,1782,2042,2605],"_links":{"self":[{"href":"https:\/\/blogs.diariosur.es\/-que-le-compro-\/wp-json\/wp\/v2\/posts\/2007"}],"collection":[{"href":"https:\/\/blogs.diariosur.es\/-que-le-compro-\/wp-json\/wp\/v2\/posts"}],"about":[{"href":"https:\/\/blogs.diariosur.es\/-que-le-compro-\/wp-json\/wp\/v2\/types\/post"}],"author":[{"embeddable":true,"href":"https:\/\/blogs.diariosur.es\/-que-le-compro-\/wp-json\/wp\/v2\/users\/24"}],"replies":[{"embeddable":true,"href":"https:\/\/blogs.diariosur.es\/-que-le-compro-\/wp-json\/wp\/v2\/comments?post=2007"}],"version-history":[{"count":0,"href":"https:\/\/blogs.diariosur.es\/-que-le-compro-\/wp-json\/wp\/v2\/posts\/2007\/revisions"}],"wp:attachment":[{"href":"https:\/\/blogs.diariosur.es\/-que-le-compro-\/wp-json\/wp\/v2\/media?parent=2007"}],"wp:term":[{"taxonomy":"category","embeddable":true,"href":"https:\/\/blogs.diariosur.es\/-que-le-compro-\/wp-json\/wp\/v2\/categories?post=2007"},{"taxonomy":"post_tag","embeddable":true,"href":"https:\/\/blogs.diariosur.es\/-que-le-compro-\/wp-json\/wp\/v2\/tags?post=2007"}],"curies":[{"name":"wp","href":"https:\/\/api.w.org\/{rel}","templated":true}]}}