{"id":2013,"date":"2013-06-12T18:04:13","date_gmt":"2013-06-12T16:04:13","guid":{"rendered":"http:\/\/blogs.diariosur.es\/-que-le-compro-\/?p=2013"},"modified":"2013-06-12T18:04:13","modified_gmt":"2013-06-12T16:04:13","slug":"presentacion-de-la-nueva-coleccion-de-cats-vintage-entrevista-a-mayi-montes","status":"publish","type":"post","link":"https:\/\/blogs.diariosur.es\/-que-le-compro-\/2013\/06\/12\/presentacion-de-la-nueva-coleccion-de-cats-vintage-entrevista-a-mayi-montes\/","title":{"rendered":"Presentaci\u00f3n de la nueva colecci\u00f3n de CATs Vintage, entrevista a Mayi Montes"},"content":{"rendered":"<p><img loading=\"lazy\" class=\"size-full wp-image-2021 aligncenter\" title=\"Cartel anunciador de Aquel verano del 76\" src=\"\/-que-le-compro-\/wp-content\/uploads\/sites\/19\/2013\/06\/cartel-evento.jpg\" alt=\"Cartel anunciador de Aquel verano del 76\" width=\"600\" height=\"776\" srcset=\"https:\/\/static-blogs.diariosur.es\/wp-content\/uploads\/sites\/19\/2013\/06\/cartel-evento.jpg 600w, https:\/\/static-blogs.diariosur.es\/wp-content\/uploads\/sites\/19\/2013\/06\/cartel-evento-232x300.jpg 232w\" sizes=\"(max-width: 600px) 100vw, 600px\" \/><\/p>\n<p><span style=\"color: #000080;\">Es decoradora de profesi\u00f3n, pero ten\u00eda claro que lo suyo era la moda. Y desde hace m\u00e1s de un a\u00f1o M\u00aa Antonia Montes por fin ha podido hacer su sue\u00f1o realidad, pese a los tiempos que corren.\u00a0<span style=\"font-size: 13px; line-height: 19px;\">El nombre del ambicioso proyecto de esta malague\u00f1a es CATs Vintage, que celebra su puesta de largo este jueves (20 horas) con una presentaci\u00f3n de su nueva colecci\u00f3n en <\/span><strong style=\"font-size: 13px; line-height: 19px;\">\u2018Aquel verano del 76\u2019<\/strong><span style=\"font-size: 13px; line-height: 19px;\">. El acto ser\u00e1\u00a0<\/span><span style=\"font-size: 13px; line-height: 19px;\">\u00a0la trattoria Il Laboratorio (entre las calles Carreter\u00eda y \u00c1lamos) y all\u00ed\u00a0<\/span><span style=\"font-size: 13px; line-height: 19px;\">se podr\u00e1n ver las \u00faltimas adquisiciones realizadas por esta firma como kimonos, bikinis y vestidos, contar\u00e1 con la colaboraci\u00f3n de BB complementos, que pondr\u00e1 los tocados, bolsos y otros accesorios al evento, y la agencia de modelos Manuel Beltr\u00e1n.<\/span><\/span><\/p>\n<p><span style=\"color: #000080;\">Y despu\u00e9s del desfile se celebrar\u00e1 una nueva edici\u00f3n del \u2018<strong>Vintage, cocktails &#038; cha cha ch\u00e1\u2019,<\/strong> donde adem\u00e1s de poder adquirirse prendas habr\u00e1 m\u00fasica, algo para picotear y unos c\u00f3cteles. La entrada al acto es libre, y se espera que dure hasta la medianoche.<\/span><\/p>\n<p><img loading=\"lazy\" class=\"size-full wp-image-2029 aligncenter\" title=\"Mayi Montes, en Il Laboratorio\" src=\"\/-que-le-compro-\/wp-content\/uploads\/sites\/19\/2013\/06\/blog-mayi-laboratorio1.jpg\" alt=\"Mayi Montes, en Il Laboratorio\" width=\"600\" height=\"438\" srcset=\"https:\/\/static-blogs.diariosur.es\/wp-content\/uploads\/sites\/19\/2013\/06\/blog-mayi-laboratorio1.jpg 600w, https:\/\/static-blogs.diariosur.es\/wp-content\/uploads\/sites\/19\/2013\/06\/blog-mayi-laboratorio1-300x219.jpg 300w\" sizes=\"(max-width: 600px) 100vw, 600px\" \/><\/p>\n<p>&nbsp;<\/p>\n<p><span style=\"color: #333399;\">Inmersa en los preparativos de este evento, hablamos con Mayi Montes (tambi\u00e9n conocida art\u00edsticamente como Mayita Trinidad, a la que pod\u00e9is ver sobre estas l\u00edneas en Il Laboratorio) que nos habla un poco de sus retos y de la presentaci\u00f3n en el Centro de M\u00e1laga.<\/span><\/p>\n<p>&nbsp;<\/p>\n<p><span style=\"color: #333399;\"><strong>Pregunta obligada: \u00bfc\u00f3mo surgi\u00f3 el nombre de CATs Vintage?<\/strong><\/span><\/p>\n<p><span style=\"color: #333399;\">Es el acr\u00f3nimo de Cool AfterThirty. Hace un par de a\u00f1os me aficion\u00e9 a los blogs de moda, pero no consegu\u00eda sentirme identificada con lo que mostraban. Soy decoradora, toco en un grupo de m\u00fasica, el vintage me vuelve loca y&#8230;tengo treintaytantos, as\u00ed que mi intenci\u00f3n era dirigirme a gente con esos puntos en com\u00fan conmigo, a gente cool despu\u00e9s de los 30. El acr\u00f3nimo en ingl\u00e9s formaba la palabra CAT (gato) y pens\u00e9 que dar\u00eda juego, como lo de los j\u00f3venes aunque sobradamente preparados (JASP)&#8230;<\/span><\/p>\n<p>&nbsp;<\/p>\n<p><span style=\"color: #333399;\"><strong>\u00a0\u00bfY por qu\u00e9 la moda vintage?<\/strong><\/span><\/p>\n<p><span style=\"color: #333399;\">Siempre me ha gustado la moda, y m\u00e1s esta concretamente, sobre todo despu\u00e9s de haber vivido en Londres. Estuve en un barrio, Bridget Lane, donde era s\u00faper com\u00fan, y de hecho era frecuente ver por ejemplo a Kate Moss buscando prendas porque all\u00ed el vintage est\u00e1 implantad\u00edsimo. Cuando volv\u00ed en2007 aM\u00e1laga me puse a trabajar en lo m\u00edo pero ya en 2012 decid\u00ed lanzarme a este proyecto, y espero que dure.<\/span><\/p>\n<p>&nbsp;<\/p>\n<p><span style=\"color: #333399;\"><strong>\u00bfC\u00f3mo empez\u00f3 todo?<\/strong><\/span><\/p>\n<p><span style=\"color: #333399;\">Empezamos con reuniones en casa de amigas. Les llevaba la ropa que compraba en Londres a trav\u00e9s de los contactos que hice durante el tiempo que viv\u00ed all\u00ed y hac\u00edamos una especie de \u2018tupper vintage\u2019, que con el boca a boca fueron creciendo tanto en n\u00famero como en asistentes y ya de ah\u00ed pas\u00e9 a los mercadillos y las redes sociales. Pero por supuesto sigo abierta a seguir haciendo esas reuniones.<\/span><\/p>\n<p>&nbsp;<\/p>\n<p><span style=\"color: #333399;\"><strong>\u00bfQu\u00e9 prendas ofrece CATs Vintage?<\/strong><\/span><\/p>\n<p><span style=\"color: #333399;\">Kimonos, vestidos y otras prendas de colores vivos y aires vintage que compro de Londres. Actualmente lo que m\u00e1s me piden son kimonos, que los traigo directamente de Jap\u00f3n. Tambi\u00e9n est\u00e1n en auge los shorts de Levi\u2019s gracias a la cantante Lana del Rey, que los ha puesto de moda, y por supuesto los vaqueros de siempre de esta marca, que traigo de Estados Unidos.<\/span><\/p>\n<p>&nbsp;<\/p>\n<p><span style=\"color: #333399;\"><strong>\u00bfD\u00f3nde pueden adquirirse?<\/strong><\/span><\/p>\n<p><span style=\"color: #333399;\">No tengo tienda f\u00edsica, ni por ahora me lo planteo, aunque s\u00ed estoy trabajando para tenerla online. Se me puede encontrar en los mercadillos de Ba\u00f1os del Carmen, Craftsma y en Plaza Activa, y tambi\u00e9n en Twitter, Facebook e Instagram.<\/span><\/p>\n<p>&nbsp;<\/p>\n<p><span style=\"color: #333399;\"><strong>\u00bfLas redes sociales son\u00a0 una gran baza para darse a conocer actualmente, verdad?<\/strong><\/span><\/p>\n<p><span style=\"color: #333399;\">Y tanto. Para m\u00ed adem\u00e1s son un trabajo pr\u00e1cticamente, porque les dedico cada d\u00eda entre doce y quince horas. No solo muestro en fotos las \u00faltimas compras que hago sino que contesto a mis seguidores y estoy pendiente de lo que les pasa o me comentan. Y parece que est\u00e1 dando sus frutos el esfuerzo porque he pasado de tener 40 seguidores en Facebook en septiembre a tener ya mil.<\/span><\/p>\n<p>&nbsp;<\/p>\n<p><span style=\"color: #333399;\"><strong>\u00bfPor qu\u00e9 crees que la moda vintage est\u00e1 en auge?<\/strong><\/span><\/p>\n<p><span style=\"color: #333399;\">Pueden influir varios factores. La moda gusta, pero con la crisis hay menor poder adquisitivo y cada uno intenta renovar su armario de distinta manera: buscando prendas que ya no se pone, en los mercadillos para conseguir ropa m\u00e1s barata\u2026 Tambi\u00e9n creo que hay cierto hartazgo del t\u00edpico circuito de marcas, la gente est\u00e1 cansada de ver siempre lo mismo, hasta las blogueras llevan el mismo tipo de ropa. Creo que hay mucha gente que quiere diferenciarse de los dem\u00e1s a la hora de vestir. Espa\u00f1a va con retraso, pero en otros pa\u00edses lo vintage es lo m\u00e1s habitual. Pero aunque me encanta yo no apuesto por un total look vintage, sino que me gusta la mezcla, llevar ropa nueva y otra usada, lo cual no quiere decir que un d\u00eda no lleve todo vintage o al rev\u00e9s.<\/span><\/p>\n<p>&nbsp;<\/p>\n<p><span style=\"color: #333399;\"><strong>\u00bfC\u00f3mo va a ser la presentaci\u00f3n de \u2018Aquel verano del76\u2019?<\/strong><\/span><\/p>\n<p><span style=\"color: #333399;\">Va a haber muchos estampados, ropa de colores vivos y muchas cosas bonitas. Ser\u00e1 adem\u00e1s la primera vez que colabore con B\u00e1rbara Belloqui, de BB Tocados, a la que conoc\u00ed primero en Galer\u00edas Goya y con la que he coincidido en varios mercadillos, tenemos muy buena relaci\u00f3n. Me gustar\u00eda poder hacer una presentaci\u00f3n as\u00ed a lo grande cada tres meses y aparte el Vintage, cocktails &#038; cha cha ch\u00e1\u2019 de manera mensual. \u00a1Espero que guste!<\/span><\/p>\n<p>&nbsp;<\/p>\n<p><script type=\"text\/javascript\">var addthis_config = {\"data_track_clickback\":true,\"data_track_addressbar\":false,\"data_track_textcopy\":false,\"ui_atversion\":\"300\"}; var addthis_product = 'wpp-3.0.2';<\/script><script type=\"text\/javascript\" src=\"\/\/s7.addthis.com\/js\/300\/addthis_widget.js#pubid=ra-50fc27702fb34fca\"><\/script><\/p>\n<p><span style=\"color: #333399;\"><strong><br \/>\n<\/strong><\/span><\/p>\n<h3><span style=\"color: #333399;\">CATs Vintage<\/span><\/h3>\n<p><span style=\"color: #333399;\">Tel\u00e9fono: 649 87 50 02<\/span><\/p>\n<p><span style=\"color: #333399;\">E-mail: <a href=\"mailto:mayi.catsvintage@gmail.com\"><span style=\"color: #333399;\">mayi.catsvintage@gmail.com<\/span><\/a><\/span><\/p>\n<p><span style=\"color: #333399;\">Facebook <a href=\"https:\/\/www.facebook.com\/catsvintage.es\" rel=\"external nofollow\"><span style=\"color: #333399;\">https:\/\/www.facebook.com\/catsvintage.es<\/span><\/a><\/span><\/p>\n<p><span style=\"color: #333399;\">Twitter <a href=\"https:\/\/twitter.com\/_CATsVintage\" rel=\"external nofollow\"><span style=\"color: #333399;\">https:\/\/twitter.com\/_CATsVintage<\/span><\/a><\/span><\/p>\n<p><span style=\"color: #333399;\">Blog <a href=\"http:\/\/coolafter30.blogspot.com.es\/\" rel=\"external nofollow\"><span style=\"color: #333399;\">http:\/\/coolafter30.blogspot.com.es\/<\/span><\/a><\/span><\/p>\n<p>&nbsp;<\/p>\n<p><span style=\"color: #333399;\">Para que ve\u00e1is un avance, aqu\u00ed ten\u00e9is algunas fotos de las prendas de CATs Vintage:<\/span><\/p>\n<p>&nbsp;<\/p>\n<p>&nbsp;<\/p>\n<p><a href=\"\/-que-le-compro-\/wp-content\/uploads\/sites\/19\/2013\/06\/blog-mayi-vestido2.jpg\"><img loading=\"lazy\" class=\"aligncenter size-full wp-image-2020\" title=\"blog-mayi-vestido2\" src=\"\/-que-le-compro-\/wp-content\/uploads\/sites\/19\/2013\/06\/blog-mayi-vestido3.jpg\" alt=\"\" width=\"600\" height=\"1508\" srcset=\"https:\/\/static-blogs.diariosur.es\/wp-content\/uploads\/sites\/19\/2013\/06\/blog-mayi-vestido3.jpg 600w, https:\/\/static-blogs.diariosur.es\/wp-content\/uploads\/sites\/19\/2013\/06\/blog-mayi-vestido3-119x300.jpg 119w, https:\/\/static-blogs.diariosur.es\/wp-content\/uploads\/sites\/19\/2013\/06\/blog-mayi-vestido3-407x1024.jpg 407w\" sizes=\"(max-width: 600px) 100vw, 600px\" \/><\/a><\/p>\n<p>&nbsp;<\/p>\n<div id=\"attachment_2022\" style=\"width: 610px\" class=\"wp-caption aligncenter\"><a href=\"\/-que-le-compro-\/wp-content\/uploads\/sites\/19\/2013\/06\/blog-mayi-kimono11.jpg\"><img aria-describedby=\"caption-attachment-2022\" loading=\"lazy\" class=\"size-full wp-image-2022\" title=\"Uno de los kimonos de CATs Vintage\" src=\"\/-que-le-compro-\/wp-content\/uploads\/sites\/19\/2013\/06\/blog-mayi-kimono11.jpg\" alt=\"Uno de los kimonos de CATs Vintage\" width=\"600\" height=\"759\" srcset=\"https:\/\/static-blogs.diariosur.es\/wp-content\/uploads\/sites\/19\/2013\/06\/blog-mayi-kimono11.jpg 600w, https:\/\/static-blogs.diariosur.es\/wp-content\/uploads\/sites\/19\/2013\/06\/blog-mayi-kimono11-237x300.jpg 237w\" sizes=\"(max-width: 600px) 100vw, 600px\" \/><\/a><p id=\"caption-attachment-2022\" class=\"wp-caption-text\">Uno de los kimonos de CATs Vintage<\/p><\/div>\n<p>&nbsp;<\/p>\n<div id=\"attachment_2023\" style=\"width: 610px\" class=\"wp-caption aligncenter\"><a href=\"\/-que-le-compro-\/wp-content\/uploads\/sites\/19\/2013\/06\/blog-mayi-kimono21.jpg\"><img aria-describedby=\"caption-attachment-2023\" loading=\"lazy\" class=\"size-full wp-image-2023\" title=\"Uno de los kimonos de CATs Vintage\" src=\"\/-que-le-compro-\/wp-content\/uploads\/sites\/19\/2013\/06\/blog-mayi-kimono21.jpg\" alt=\"Uno de los kimonos de CATs Vintage\" width=\"600\" height=\"826\" srcset=\"https:\/\/static-blogs.diariosur.es\/wp-content\/uploads\/sites\/19\/2013\/06\/blog-mayi-kimono21.jpg 600w, https:\/\/static-blogs.diariosur.es\/wp-content\/uploads\/sites\/19\/2013\/06\/blog-mayi-kimono21-218x300.jpg 218w\" sizes=\"(max-width: 600px) 100vw, 600px\" \/><\/a><p id=\"caption-attachment-2023\" class=\"wp-caption-text\">Uno de los kimonos de CATs Vintage<\/p><\/div>\n<p>&nbsp;<\/p>\n<div id=\"attachment_2026\" style=\"width: 610px\" class=\"wp-caption aligncenter\"><a href=\"\/-que-le-compro-\/wp-content\/uploads\/sites\/19\/2013\/06\/blog-mayi-vestido.jpg\"><img aria-describedby=\"caption-attachment-2026\" loading=\"lazy\" class=\"size-full wp-image-2026\" title=\"Uno de los vestidos de la nueva colecci\u00f3n\" src=\"\/-que-le-compro-\/wp-content\/uploads\/sites\/19\/2013\/06\/blog-mayi-vestido.jpg\" alt=\"Uno de los vestidos de la nueva colecci\u00f3n\" width=\"600\" height=\"759\" srcset=\"https:\/\/static-blogs.diariosur.es\/wp-content\/uploads\/sites\/19\/2013\/06\/blog-mayi-vestido.jpg 600w, https:\/\/static-blogs.diariosur.es\/wp-content\/uploads\/sites\/19\/2013\/06\/blog-mayi-vestido-237x300.jpg 237w\" sizes=\"(max-width: 600px) 100vw, 600px\" \/><\/a><p id=\"caption-attachment-2026\" class=\"wp-caption-text\">Uno de los vestidos de la nueva colecci\u00f3n<\/p><\/div>\n<p>&nbsp;<\/p>\n<p><a href=\"\/-que-le-compro-\/wp-content\/uploads\/sites\/19\/2013\/06\/blog-mayi-zapatos1.jpg\"><img loading=\"lazy\" class=\"aligncenter size-full wp-image-2027\" title=\"blog-mayi-zapatos\" src=\"\/-que-le-compro-\/wp-content\/uploads\/sites\/19\/2013\/06\/blog-mayi-zapatos1.jpg\" alt=\"\" width=\"600\" height=\"831\" srcset=\"https:\/\/static-blogs.diariosur.es\/wp-content\/uploads\/sites\/19\/2013\/06\/blog-mayi-zapatos1.jpg 600w, https:\/\/static-blogs.diariosur.es\/wp-content\/uploads\/sites\/19\/2013\/06\/blog-mayi-zapatos1-217x300.jpg 217w\" sizes=\"(max-width: 600px) 100vw, 600px\" \/><\/a><\/p>\n<p><img loading=\"lazy\" class=\"size-full wp-image-2028 aligncenter\" title=\"Uno de los kimonos de CATs Vintage\" src=\"\/-que-le-compro-\/wp-content\/uploads\/sites\/19\/2013\/06\/blog-mayi-kimono31.jpg\" alt=\"Uno de los kimonos de CATs Vintage\" width=\"600\" height=\"804\" srcset=\"https:\/\/static-blogs.diariosur.es\/wp-content\/uploads\/sites\/19\/2013\/06\/blog-mayi-kimono31.jpg 600w, https:\/\/static-blogs.diariosur.es\/wp-content\/uploads\/sites\/19\/2013\/06\/blog-mayi-kimono31-224x300.jpg 224w\" sizes=\"(max-width: 600px) 100vw, 600px\" \/><\/p>\n","protected":false},"excerpt":{"rendered":"<p>Es decoradora de profesi\u00f3n, pero ten\u00eda claro que lo suyo era la moda. Y desde hace m\u00e1s de un a\u00f1o M\u00aa Antonia Montes por fin ha podido hacer su sue\u00f1o realidad, pese a los tiempos que corren.\u00a0El nombre del ambicioso proyecto de esta malague\u00f1a es CATs Vintage, que celebra su puesta de largo este jueves [&hellip;]<\/p>\n","protected":false},"author":24,"featured_media":0,"comment_status":"open","ping_status":"open","sticky":false,"template":"","format":"standard","meta":[],"categories":[6],"tags":[],"_links":{"self":[{"href":"https:\/\/blogs.diariosur.es\/-que-le-compro-\/wp-json\/wp\/v2\/posts\/2013"}],"collection":[{"href":"https:\/\/blogs.diariosur.es\/-que-le-compro-\/wp-json\/wp\/v2\/posts"}],"about":[{"href":"https:\/\/blogs.diariosur.es\/-que-le-compro-\/wp-json\/wp\/v2\/types\/post"}],"author":[{"embeddable":true,"href":"https:\/\/blogs.diariosur.es\/-que-le-compro-\/wp-json\/wp\/v2\/users\/24"}],"replies":[{"embeddable":true,"href":"https:\/\/blogs.diariosur.es\/-que-le-compro-\/wp-json\/wp\/v2\/comments?post=2013"}],"version-history":[{"count":0,"href":"https:\/\/blogs.diariosur.es\/-que-le-compro-\/wp-json\/wp\/v2\/posts\/2013\/revisions"}],"wp:attachment":[{"href":"https:\/\/blogs.diariosur.es\/-que-le-compro-\/wp-json\/wp\/v2\/media?parent=2013"}],"wp:term":[{"taxonomy":"category","embeddable":true,"href":"https:\/\/blogs.diariosur.es\/-que-le-compro-\/wp-json\/wp\/v2\/categories?post=2013"},{"taxonomy":"post_tag","embeddable":true,"href":"https:\/\/blogs.diariosur.es\/-que-le-compro-\/wp-json\/wp\/v2\/tags?post=2013"}],"curies":[{"name":"wp","href":"https:\/\/api.w.org\/{rel}","templated":true}]}}