{"id":2038,"date":"2013-06-11T10:02:22","date_gmt":"2013-06-11T08:02:22","guid":{"rendered":"http:\/\/blogs.diariosur.es\/-que-le-compro-\/?p=2038"},"modified":"2013-06-11T10:02:22","modified_gmt":"2013-06-11T08:02:22","slug":"encuentro-mercadillos-solidarios-en-fuengirola-el-viernes","status":"publish","type":"post","link":"https:\/\/blogs.diariosur.es\/-que-le-compro-\/2013\/06\/11\/encuentro-mercadillos-solidarios-en-fuengirola-el-viernes\/","title":{"rendered":"Encuentro Mercadillos Solidarios en Fuengirola, el viernes"},"content":{"rendered":"<p><span style=\"color: #333399;\">Un plan interesante, y adem\u00e1s solidario, para este viernes por la tarde en Fuengirola. La cita es en el colegio Andaluc\u00eda, de siete de la tarde a diez de la noche. All\u00ed se celebrar\u00e1 el encuentro Mercadillos Solidarios, donde podr\u00e1n encontrarse, entre otros, libros de ocasi\u00f3n, pintacaras, globoflexia y distintos talleres. Adem\u00e1s se dar\u00e1 la bienvenida a antiguos alumnos y profesores y la Agrupaci\u00f3n Musical Andaluc\u00eda (AMA Fuengirola) realizar\u00e1 el II Concierto del Encuentro Solidario.<\/span><\/p>\n<p><span style=\"color: #333399;\">La recaudaci\u00f3n de esta iniciativa se destinar\u00e1 a Fuensocial. Si est\u00e1is por Fuengirola, \u00a1que no se os pase!<\/span><\/p>\n<p><script type=\"text\/javascript\">var addthis_config = {\"data_track_clickback\":true,\"data_track_addressbar\":false,\"data_track_textcopy\":false,\"ui_atversion\":\"300\"}; var addthis_product = 'wpp-3.0.2';<\/script><script type=\"text\/javascript\" src=\"\/\/s7.addthis.com\/js\/300\/addthis_widget.js#pubid=ra-50fc27702fb34fca\"><\/script><\/p>\n<p><img loading=\"lazy\" class=\"aligncenter size-full wp-image-2039\" title=\"Mercadillo solidario en el colegio Andaluc\u00eda de Fuengirola\" src=\"\/-que-le-compro-\/wp-content\/uploads\/sites\/19\/2013\/06\/mercadillo-fuengirola.jpg\" alt=\"Mercadillo solidario en el colegio Andaluc\u00eda de Fuengirola\" width=\"300\" height=\"164\" \/><\/p>\n","protected":false},"excerpt":{"rendered":"<p>Un plan interesante, y adem\u00e1s solidario, para este viernes por la tarde en Fuengirola. La cita es en el colegio Andaluc\u00eda, de siete de la tarde a diez de la noche. All\u00ed se celebrar\u00e1 el encuentro Mercadillos Solidarios, donde podr\u00e1n encontrarse, entre otros, libros de ocasi\u00f3n, pintacaras, globoflexia y distintos talleres. Adem\u00e1s se dar\u00e1 la [&hellip;]<\/p>\n","protected":false},"author":24,"featured_media":0,"comment_status":"open","ping_status":"open","sticky":false,"template":"","format":"standard","meta":[],"categories":[4],"tags":[680,1259,2312],"_links":{"self":[{"href":"https:\/\/blogs.diariosur.es\/-que-le-compro-\/wp-json\/wp\/v2\/posts\/2038"}],"collection":[{"href":"https:\/\/blogs.diariosur.es\/-que-le-compro-\/wp-json\/wp\/v2\/posts"}],"about":[{"href":"https:\/\/blogs.diariosur.es\/-que-le-compro-\/wp-json\/wp\/v2\/types\/post"}],"author":[{"embeddable":true,"href":"https:\/\/blogs.diariosur.es\/-que-le-compro-\/wp-json\/wp\/v2\/users\/24"}],"replies":[{"embeddable":true,"href":"https:\/\/blogs.diariosur.es\/-que-le-compro-\/wp-json\/wp\/v2\/comments?post=2038"}],"version-history":[{"count":0,"href":"https:\/\/blogs.diariosur.es\/-que-le-compro-\/wp-json\/wp\/v2\/posts\/2038\/revisions"}],"wp:attachment":[{"href":"https:\/\/blogs.diariosur.es\/-que-le-compro-\/wp-json\/wp\/v2\/media?parent=2038"}],"wp:term":[{"taxonomy":"category","embeddable":true,"href":"https:\/\/blogs.diariosur.es\/-que-le-compro-\/wp-json\/wp\/v2\/categories?post=2038"},{"taxonomy":"post_tag","embeddable":true,"href":"https:\/\/blogs.diariosur.es\/-que-le-compro-\/wp-json\/wp\/v2\/tags?post=2038"}],"curies":[{"name":"wp","href":"https:\/\/api.w.org\/{rel}","templated":true}]}}