{"id":2040,"date":"2013-06-15T19:59:06","date_gmt":"2013-06-15T17:59:06","guid":{"rendered":"http:\/\/blogs.diariosur.es\/-que-le-compro-\/?p=2040"},"modified":"2013-06-15T19:59:06","modified_gmt":"2013-06-15T17:59:06","slug":"fotos-del-desfile-de-cats-vintage-aquel-verano-del-76","status":"publish","type":"post","link":"https:\/\/blogs.diariosur.es\/-que-le-compro-\/2013\/06\/15\/fotos-del-desfile-de-cats-vintage-aquel-verano-del-76\/","title":{"rendered":"Fotos del desfile de CATs Vintage, Aquel verano del 76"},"content":{"rendered":"<p><span style=\"color: #333399;\">Hab\u00eda mucha ilusi\u00f3n y el evento estuvo a la altura de las expectativas. Era el d\u00eda grande de <strong><a href=\"https:\/\/blogs.diariosur.es\/-que-le-compro-\/2013\/06\/12\/presentacion-de-la-nueva-coleccion-de-cats-vintage-entrevista-a-mayi-montes\/\">CATs Vintage, de Mayi Montes<\/a><\/strong>, y su gran presentaci\u00f3n <span style=\"font-size: medium;\">&#8216;Aquel verano del 76&#8217;<\/span> cautiv\u00f3 al p\u00fablico asistentes. Los kimonos, vestidos y otras prendas adquiridos por esta malague\u00f1a gustaron, y mucho, igual que los complementos de BB Tocados y las modelos de la escuela de Manuel Beltr\u00e1n. El escenario elegido para esta puesta de largo fue Il Laboratorio, donde despu\u00e9s se celebr\u00f3 el &#8216;<span style=\"font-size: medium;\">Vintage, cocktails &#038; cha cha ch\u00e1&#8217;. <\/span><\/span><\/p>\n<p><span style=\"color: #333399;\">Aqu\u00ed os dejo algunas fotos de la puesta de largo de lo \u00faltimo de esta firma malague\u00f1a de moda vintage: \u00a1felicidades!<\/span><\/p>\n<p>&nbsp;<\/p>\n<div id=\"attachment_2041\" style=\"width: 410px\" class=\"wp-caption aligncenter\"><a href=\"https:\/\/blogs.diariosur.es\/-que-le-compro-\/wp-admin\/Kimonos y otras prendas vintage de la nueva colecci\u00f3n. :: M\u00e1laga Independiente\"><img aria-describedby=\"caption-attachment-2041\" loading=\"lazy\" class=\"size-full wp-image-2041 \" title=\"Kimonos y otras prendas vintage de la nueva colecci\u00f3n. :: M\u00e1laga Independiente\" src=\"\/-que-le-compro-\/wp-content\/uploads\/sites\/19\/2013\/06\/blog-mayi-blog2.jpg\" alt=\"Kimonos y otras prendas vintage de la nueva colecci\u00f3n. :: M\u00e1laga Independiente\" width=\"400\" height=\"682\" srcset=\"https:\/\/static-blogs.diariosur.es\/wp-content\/uploads\/sites\/19\/2013\/06\/blog-mayi-blog2.jpg 400w, https:\/\/static-blogs.diariosur.es\/wp-content\/uploads\/sites\/19\/2013\/06\/blog-mayi-blog2-176x300.jpg 176w\" sizes=\"(max-width: 400px) 100vw, 400px\" \/><\/a><p id=\"caption-attachment-2041\" class=\"wp-caption-text\">Kimonos y otras prendas vintage de la nueva colecci\u00f3n. :: M\u00e1laga Independiente<\/p><\/div>\n<div id=\"attachment_2042\" style=\"width: 410px\" class=\"wp-caption aligncenter\"><img aria-describedby=\"caption-attachment-2042\" loading=\"lazy\" class=\"size-full wp-image-2042 \" title=\"Uno de los tocados de BB Tocados. :: M\u00e1laga Independiente\" src=\"\/-que-le-compro-\/wp-content\/uploads\/sites\/19\/2013\/06\/blog-mayi-blog.jpg\" alt=\"Uno de los tocados de BB Tocados. :: M\u00e1laga Independiente\" width=\"400\" height=\"271\" srcset=\"https:\/\/static-blogs.diariosur.es\/wp-content\/uploads\/sites\/19\/2013\/06\/blog-mayi-blog.jpg 400w, https:\/\/static-blogs.diariosur.es\/wp-content\/uploads\/sites\/19\/2013\/06\/blog-mayi-blog-300x203.jpg 300w\" sizes=\"(max-width: 400px) 100vw, 400px\" \/><p id=\"caption-attachment-2042\" class=\"wp-caption-text\">Uno de los tocados de BB Tocados. :: M\u00e1laga Independiente<\/p><\/div>\n<div id=\"attachment_2043\" style=\"width: 410px\" class=\"wp-caption aligncenter\"><img aria-describedby=\"caption-attachment-2043\" loading=\"lazy\" class=\"size-full wp-image-2043 \" title=\"Modelos participantes en el desfile:: Zoom\" src=\"\/-que-le-compro-\/wp-content\/uploads\/sites\/19\/2013\/06\/blog-mayi-zoom2.jpg\" alt=\"Modelos participantes en el desfile:: Zoom\" width=\"400\" height=\"303\" srcset=\"https:\/\/static-blogs.diariosur.es\/wp-content\/uploads\/sites\/19\/2013\/06\/blog-mayi-zoom2.jpg 400w, https:\/\/static-blogs.diariosur.es\/wp-content\/uploads\/sites\/19\/2013\/06\/blog-mayi-zoom2-300x227.jpg 300w\" sizes=\"(max-width: 400px) 100vw, 400px\" \/><p id=\"caption-attachment-2043\" class=\"wp-caption-text\">Modelos participantes en el desfile:: Zoom<\/p><\/div>\n<div id=\"attachment_2044\" style=\"width: 410px\" class=\"wp-caption aligncenter\"><img aria-describedby=\"caption-attachment-2044\" loading=\"lazy\" class=\"size-full wp-image-2044 \" title=\"Una de las modelos participantes. :: Zoom\" src=\"\/-que-le-compro-\/wp-content\/uploads\/sites\/19\/2013\/06\/blog-mayi-zoom4.jpg\" alt=\"Una de las modelos participantes. :: Zoom\" width=\"400\" height=\"640\" srcset=\"https:\/\/static-blogs.diariosur.es\/wp-content\/uploads\/sites\/19\/2013\/06\/blog-mayi-zoom4.jpg 400w, https:\/\/static-blogs.diariosur.es\/wp-content\/uploads\/sites\/19\/2013\/06\/blog-mayi-zoom4-188x300.jpg 188w\" sizes=\"(max-width: 400px) 100vw, 400px\" \/><p id=\"caption-attachment-2044\" class=\"wp-caption-text\">Una de las modelos participantes. :: Zoom<\/p><\/div>\n<p>&nbsp;<\/p>\n<div id=\"attachment_2045\" style=\"width: 410px\" class=\"wp-caption aligncenter\"><img aria-describedby=\"caption-attachment-2045\" loading=\"lazy\" class=\"size-full wp-image-2045 \" title=\"Preparando a las modelos antes de salir. :: Zoom\" src=\"\/-que-le-compro-\/wp-content\/uploads\/sites\/19\/2013\/06\/blog-mayi-zoom.jpg\" alt=\"Preparando a las modelos antes de salir. :: Zoom\" width=\"400\" height=\"328\" srcset=\"https:\/\/static-blogs.diariosur.es\/wp-content\/uploads\/sites\/19\/2013\/06\/blog-mayi-zoom.jpg 400w, https:\/\/static-blogs.diariosur.es\/wp-content\/uploads\/sites\/19\/2013\/06\/blog-mayi-zoom-300x246.jpg 300w\" sizes=\"(max-width: 400px) 100vw, 400px\" \/><p id=\"caption-attachment-2045\" class=\"wp-caption-text\">Preparando a las modelos antes de salir. :: Zoom<\/p><\/div>\n<p><script type=\"text\/javascript\">var addthis_config = {\"data_track_clickback\":true,\"data_track_addressbar\":false,\"data_track_textcopy\":false,\"ui_atversion\":\"300\"}; var addthis_product = 'wpp-3.0.2';<\/script><script type=\"text\/javascript\" src=\"\/\/s7.addthis.com\/js\/300\/addthis_widget.js#pubid=ra-50fc27702fb34fca\"><\/script><\/p>\n<div id=\"attachment_2046\" style=\"width: 410px\" class=\"wp-caption aligncenter\"><img aria-describedby=\"caption-attachment-2046\" loading=\"lazy\" class=\"size-full wp-image-2046 \" title=\"Mayi Montes, con B\u00e1rbara Belloqui (BB Tocados) y la maquilladora Naiara Bl\u00e1nquez\" src=\"\/-que-le-compro-\/wp-content\/uploads\/sites\/19\/2013\/06\/blog-mayi-zoom-ella.jpg\" alt=\"Mayi Montes, con B\u00e1rbara Belloqui (BB Tocados) y la maquilladora Naiara Bl\u00e1nquez\" width=\"400\" height=\"623\" srcset=\"https:\/\/static-blogs.diariosur.es\/wp-content\/uploads\/sites\/19\/2013\/06\/blog-mayi-zoom-ella.jpg 400w, https:\/\/static-blogs.diariosur.es\/wp-content\/uploads\/sites\/19\/2013\/06\/blog-mayi-zoom-ella-193x300.jpg 193w\" sizes=\"(max-width: 400px) 100vw, 400px\" \/><p id=\"caption-attachment-2046\" class=\"wp-caption-text\">Mayi Montes, con B\u00e1rbara Belloqui (BB Tocados) y la maquilladora Naiara Bl\u00e1nquez. :: Zoom<\/p><\/div>\n","protected":false},"excerpt":{"rendered":"<p>Hab\u00eda mucha ilusi\u00f3n y el evento estuvo a la altura de las expectativas. Era el d\u00eda grande de CATs Vintage, de Mayi Montes, y su gran presentaci\u00f3n &#8216;Aquel verano del 76&#8217; cautiv\u00f3 al p\u00fablico asistentes. Los kimonos, vestidos y otras prendas adquiridos por esta malague\u00f1a gustaron, y mucho, igual que los complementos de BB Tocados [&hellip;]<\/p>\n","protected":false},"author":24,"featured_media":0,"comment_status":"open","ping_status":"open","sticky":false,"template":"","format":"standard","meta":[],"categories":[6],"tags":[236,397,674,1689,2086,2146,2513],"_links":{"self":[{"href":"https:\/\/blogs.diariosur.es\/-que-le-compro-\/wp-json\/wp\/v2\/posts\/2040"}],"collection":[{"href":"https:\/\/blogs.diariosur.es\/-que-le-compro-\/wp-json\/wp\/v2\/posts"}],"about":[{"href":"https:\/\/blogs.diariosur.es\/-que-le-compro-\/wp-json\/wp\/v2\/types\/post"}],"author":[{"embeddable":true,"href":"https:\/\/blogs.diariosur.es\/-que-le-compro-\/wp-json\/wp\/v2\/users\/24"}],"replies":[{"embeddable":true,"href":"https:\/\/blogs.diariosur.es\/-que-le-compro-\/wp-json\/wp\/v2\/comments?post=2040"}],"version-history":[{"count":0,"href":"https:\/\/blogs.diariosur.es\/-que-le-compro-\/wp-json\/wp\/v2\/posts\/2040\/revisions"}],"wp:attachment":[{"href":"https:\/\/blogs.diariosur.es\/-que-le-compro-\/wp-json\/wp\/v2\/media?parent=2040"}],"wp:term":[{"taxonomy":"category","embeddable":true,"href":"https:\/\/blogs.diariosur.es\/-que-le-compro-\/wp-json\/wp\/v2\/categories?post=2040"},{"taxonomy":"post_tag","embeddable":true,"href":"https:\/\/blogs.diariosur.es\/-que-le-compro-\/wp-json\/wp\/v2\/tags?post=2040"}],"curies":[{"name":"wp","href":"https:\/\/api.w.org\/{rel}","templated":true}]}}