{"id":2050,"date":"2013-06-19T17:28:53","date_gmt":"2013-06-19T15:28:53","guid":{"rendered":"http:\/\/blogs.diariosur.es\/-que-le-compro-\/?p=2050"},"modified":"2013-06-19T17:28:53","modified_gmt":"2013-06-19T15:28:53","slug":"pasarela-larios-malaga-2013-diez-tiendas-del-centro-protagonistas","status":"publish","type":"post","link":"https:\/\/blogs.diariosur.es\/-que-le-compro-\/2013\/06\/19\/pasarela-larios-malaga-2013-diez-tiendas-del-centro-protagonistas\/","title":{"rendered":"Pasarela Larios M\u00e1laga 2013: diez tiendas del Centro, protagonistas"},"content":{"rendered":"<p><span style=\"font-size: medium; color: #000080;\">La <strong>Pasarela Larios M\u00e1laga Fashion Event 2013<\/strong>, que se celebra el 13 y 14 de septiembre, dar\u00e1 protagonismo al comercio malague\u00f1o. As\u00ed, diez tiendas del Centro Hist\u00f3rico presentar\u00e1n sus colecciones el segundo d\u00eda del evento.<\/span><\/p>\n<p><span style=\"font-size: medium; color: #000080;\">En esta ocasi\u00f3n, frente a las siete firmas que desfilaron el a\u00f1o pasado ser\u00e1n diez las que muestren sus \u00faltimas adquisiciones: La Gioconda Novias y Fiesta, Classic Nouveau, Tornay, Spagnolo, Olimara, Jones New York, Rachel Roy, L\u2019\u00e9tude, LIE Live In Emotions y R\u00edo de la Plata. <\/span><\/p>\n<p><span style=\"font-size: medium; color: #000080;\">Todas ellas exhibir\u00e1n sus creaciones en la gran alfombra roja de 350 metros que tomar\u00e1 la calle Larios durante dos d\u00edas, en los que la <a href=\"http:\/\/www.diariosur.es\/20130528\/mas-actualidad\/cultura\/alta-costura-malaguena-pisa-201305281409.html\" rel=\"external nofollow\">moda copar\u00e1 la atenci\u00f3n<\/a> en la capital malague\u00f1a.\u00a0<\/span><\/p>\n<p><span style=\"font-size: medium; color: #000080;\">Adem\u00e1s\u00a0Tornay, regentada por Pilar Tornay, recibir\u00e1 el Premio a la Trayectoria que el pasado a\u00f1o obtuvo R\u00edo de la Plata.<\/span><\/p>\n<p><script type=\"text\/javascript\">var addthis_config = {\"data_track_clickback\":true,\"data_track_addressbar\":false,\"data_track_textcopy\":false,\"ui_atversion\":\"300\"}; var addthis_product = 'wpp-3.0.2';<\/script><script type=\"text\/javascript\" src=\"\/\/s7.addthis.com\/js\/300\/addthis_widget.js#pubid=ra-50fc27702fb34fca\"><\/script><\/p>\n<div id=\"attachment_2051\" style=\"width: 510px\" class=\"wp-caption aligncenter\"><img aria-describedby=\"caption-attachment-2051\" loading=\"lazy\" class=\"size-full wp-image-2051  \" title=\"Presentaci\u00f3n de la Pasarela Larios M\u00e1laga Fashion Event 2013 en la calle Alcazabilla\" src=\"\/-que-le-compro-\/wp-content\/uploads\/sites\/19\/2013\/06\/presentacion-pasarela.jpg\" alt=\"Presentaci\u00f3n de la Pasarela Larios M\u00e1laga Fashion Event 2013 en la calle Alcazabilla\" width=\"500\" height=\"308\" srcset=\"https:\/\/static-blogs.diariosur.es\/wp-content\/uploads\/sites\/19\/2013\/06\/presentacion-pasarela.jpg 500w, https:\/\/static-blogs.diariosur.es\/wp-content\/uploads\/sites\/19\/2013\/06\/presentacion-pasarela-300x185.jpg 300w\" sizes=\"(max-width: 500px) 100vw, 500px\" \/><p id=\"caption-attachment-2051\" class=\"wp-caption-text\">Presentaci\u00f3n de la Pasarela Larios M\u00e1laga Fashion Event 2013 en la calle Alcazabilla<\/p><\/div>\n<p>&nbsp;<\/p>\n","protected":false},"excerpt":{"rendered":"<p>La Pasarela Larios M\u00e1laga Fashion Event 2013, que se celebra el 13 y 14 de septiembre, dar\u00e1 protagonismo al comercio malague\u00f1o. As\u00ed, diez tiendas del Centro Hist\u00f3rico presentar\u00e1n sus colecciones el segundo d\u00eda del evento. En esta ocasi\u00f3n, frente a las siete firmas que desfilaron el a\u00f1o pasado ser\u00e1n diez las que muestren sus \u00faltimas [&hellip;]<\/p>\n","protected":false},"author":24,"featured_media":0,"comment_status":"open","ping_status":"open","sticky":false,"template":"","format":"standard","meta":[],"categories":[7],"tags":[1938,2499,2855,2858],"_links":{"self":[{"href":"https:\/\/blogs.diariosur.es\/-que-le-compro-\/wp-json\/wp\/v2\/posts\/2050"}],"collection":[{"href":"https:\/\/blogs.diariosur.es\/-que-le-compro-\/wp-json\/wp\/v2\/posts"}],"about":[{"href":"https:\/\/blogs.diariosur.es\/-que-le-compro-\/wp-json\/wp\/v2\/types\/post"}],"author":[{"embeddable":true,"href":"https:\/\/blogs.diariosur.es\/-que-le-compro-\/wp-json\/wp\/v2\/users\/24"}],"replies":[{"embeddable":true,"href":"https:\/\/blogs.diariosur.es\/-que-le-compro-\/wp-json\/wp\/v2\/comments?post=2050"}],"version-history":[{"count":0,"href":"https:\/\/blogs.diariosur.es\/-que-le-compro-\/wp-json\/wp\/v2\/posts\/2050\/revisions"}],"wp:attachment":[{"href":"https:\/\/blogs.diariosur.es\/-que-le-compro-\/wp-json\/wp\/v2\/media?parent=2050"}],"wp:term":[{"taxonomy":"category","embeddable":true,"href":"https:\/\/blogs.diariosur.es\/-que-le-compro-\/wp-json\/wp\/v2\/categories?post=2050"},{"taxonomy":"post_tag","embeddable":true,"href":"https:\/\/blogs.diariosur.es\/-que-le-compro-\/wp-json\/wp\/v2\/tags?post=2050"}],"curies":[{"name":"wp","href":"https:\/\/api.w.org\/{rel}","templated":true}]}}