{"id":2053,"date":"2013-06-20T18:26:17","date_gmt":"2013-06-20T16:26:17","guid":{"rendered":"http:\/\/blogs.diariosur.es\/-que-le-compro-\/?p=2053"},"modified":"2013-06-20T18:26:17","modified_gmt":"2013-06-20T16:26:17","slug":"el-corte-ingles-estrena-outlet-en-malaga","status":"publish","type":"post","link":"https:\/\/blogs.diariosur.es\/-que-le-compro-\/2013\/06\/20\/el-corte-ingles-estrena-outlet-en-malaga\/","title":{"rendered":"El Corte Ingl\u00e9s estrena outlet en M\u00e1laga"},"content":{"rendered":"<p><img loading=\"lazy\" class=\"size-full wp-image-2054 \" title=\"Cartel anunciador de la apertura del outlet de El Corte Ingl\u00e9s en Gaybo\" src=\"\/-que-le-compro-\/wp-content\/uploads\/sites\/19\/2013\/06\/gaybo-outlet.jpg\" alt=\"Cartel anunciador de la apertura del outlet de El Corte Ingl\u00e9s en Gaybo\" width=\"450\" height=\"300\" srcset=\"https:\/\/static-blogs.diariosur.es\/wp-content\/uploads\/sites\/19\/2013\/06\/gaybo-outlet.jpg 450w, https:\/\/static-blogs.diariosur.es\/wp-content\/uploads\/sites\/19\/2013\/06\/gaybo-outlet-300x200.jpg 300w\" sizes=\"(max-width: 450px) 100vw, 450px\" \/><\/p>\n<p>&nbsp;<\/p>\n<p><span style=\"color: #333399;\">Nuevo nombre y m\u00e1s ofertas. <strong>El Corte Ingl\u00e9s<\/strong> inaugura un outlet en M\u00e1laga, con moda, accesorios y complementos para el hogar y art\u00edculos de deporte. Estar\u00e1 ubicado en el antiguo edificio de <strong>Gaybo<\/strong> -en la calle H\u00e9roe de Sostoa 5- y transforma el centro de oportunidades que hasta ahora ten\u00eda la firma en este espacio en un gran factory al servicio de toda la familia.<\/span><\/p>\n<p><script type=\"text\/javascript\">var addthis_config = {\"data_track_clickback\":true,\"data_track_addressbar\":false,\"data_track_textcopy\":false,\"ui_atversion\":\"300\"}; var addthis_product = 'wpp-3.0.2';<\/script><script type=\"text\/javascript\" src=\"\/\/s7.addthis.com\/js\/300\/addthis_widget.js#pubid=ra-50fc27702fb34fca\"><\/script><\/p>\n<p><span style=\"color: #333399;\">La inauguraci\u00f3n del nuevo centro es este jueves, 20 de junio, y anuncian que ofrecer\u00e1n en sus instalaciones descuentos de hasta el 70% en primeras marcas. Con el de Gaybo ya son dos las tiendas de oportunidades que El Corte Ingl\u00e9s tiene en M\u00e1laga capital puesto que cuenta con otra en el parque comercial M\u00e1laga Nostrum. As\u00ed que ya sab\u00e9is por d\u00f3nde es m\u00e1s que recomendable pasar para renovar el armario o hacer un regalo sin que el bolsillo se resienta demasiado.<\/span><\/p>\n","protected":false},"excerpt":{"rendered":"<p>&nbsp; Nuevo nombre y m\u00e1s ofertas. El Corte Ingl\u00e9s inaugura un outlet en M\u00e1laga, con moda, accesorios y complementos para el hogar y art\u00edculos de deporte. Estar\u00e1 ubicado en el antiguo edificio de Gaybo -en la calle H\u00e9roe de Sostoa 5- y transforma el centro de oportunidades que hasta ahora ten\u00eda la firma en este [&hellip;]<\/p>\n","protected":false},"author":24,"featured_media":0,"comment_status":"open","ping_status":"open","sticky":false,"template":"","format":"standard","meta":[],"categories":[2,7],"tags":[635,1204,1534,2773],"_links":{"self":[{"href":"https:\/\/blogs.diariosur.es\/-que-le-compro-\/wp-json\/wp\/v2\/posts\/2053"}],"collection":[{"href":"https:\/\/blogs.diariosur.es\/-que-le-compro-\/wp-json\/wp\/v2\/posts"}],"about":[{"href":"https:\/\/blogs.diariosur.es\/-que-le-compro-\/wp-json\/wp\/v2\/types\/post"}],"author":[{"embeddable":true,"href":"https:\/\/blogs.diariosur.es\/-que-le-compro-\/wp-json\/wp\/v2\/users\/24"}],"replies":[{"embeddable":true,"href":"https:\/\/blogs.diariosur.es\/-que-le-compro-\/wp-json\/wp\/v2\/comments?post=2053"}],"version-history":[{"count":0,"href":"https:\/\/blogs.diariosur.es\/-que-le-compro-\/wp-json\/wp\/v2\/posts\/2053\/revisions"}],"wp:attachment":[{"href":"https:\/\/blogs.diariosur.es\/-que-le-compro-\/wp-json\/wp\/v2\/media?parent=2053"}],"wp:term":[{"taxonomy":"category","embeddable":true,"href":"https:\/\/blogs.diariosur.es\/-que-le-compro-\/wp-json\/wp\/v2\/categories?post=2053"},{"taxonomy":"post_tag","embeddable":true,"href":"https:\/\/blogs.diariosur.es\/-que-le-compro-\/wp-json\/wp\/v2\/tags?post=2053"}],"curies":[{"name":"wp","href":"https:\/\/api.w.org\/{rel}","templated":true}]}}