{"id":2057,"date":"2013-06-21T20:01:06","date_gmt":"2013-06-21T18:01:06","guid":{"rendered":"http:\/\/blogs.diariosur.es\/-que-le-compro-\/?p=2057"},"modified":"2013-06-21T20:01:06","modified_gmt":"2013-06-21T18:01:06","slug":"agenda-de-mercadillos-nocturno-en-muelle-uno-ecologico-en-huelin-y-cerrado-food-market","status":"publish","type":"post","link":"https:\/\/blogs.diariosur.es\/-que-le-compro-\/2013\/06\/21\/agenda-de-mercadillos-nocturno-en-muelle-uno-ecologico-en-huelin-y-cerrado-food-market\/","title":{"rendered":"Agenda de mercadillos: nocturno en Muelle Uno, ecol\u00f3gico en Huelin y Cerrado Food Market"},"content":{"rendered":"<p><span style=\"color: #000080;\">Con el principio del verano llega un fin de semana cargado de mercadillos en M\u00e1laga, de los que gustan para tener mucho donde elegir. Empezando la lista por orden, hay que referirse al <strong><a href=\"http:\/\/www.diariosur.es\/20130621\/local\/malaga\/artesania-espectaculos-talleres-mercado-201306210134.html\" rel=\"external nofollow\">medieval que se celebra en Estepona<\/a><\/strong> desde este viernes, y que ofrecer\u00e1 m\u00e1s de 80 puestos hasta el domingo. Adem\u00e1s, habr\u00e1 varios espect\u00e1culos y talleres para todas las edades, as\u00ed que seguro que merecer\u00e1 la pena hacerle una visita.\u00a0<\/span><\/p>\n<p><span style=\"color: #000080;\">El s\u00e1bado, de nuevo la alimentaci\u00f3n ser\u00e1 la protagonista por la ma\u00f1ana, ya que coincidir\u00e1n el mercadillo de la asociaci\u00f3n <strong>Guadalhorce Ecol\u00f3gico<\/strong>, que llega puntual a su cita mensual en el <strong>Parque Huelin<\/strong>, y el Cerrado Food Market. En el primero, ya sab\u00e9is, productos frescos y saludables a precios asequibles de diez de la ma\u00f1ana a dos de la tarde.\u00a0<\/span><\/p>\n<div id=\"attachment_2059\" style=\"width: 460px\" class=\"wp-caption aligncenter\"><a href=\"\/-que-le-compro-\/wp-content\/uploads\/sites\/19\/2013\/06\/cerrado-food-market.jpg\"><img aria-describedby=\"caption-attachment-2059\" loading=\"lazy\" class=\"size-full wp-image-2059\" title=\"Cerrado Food Market, todos los s\u00e1bados en Cerrado de Calder\u00f3n\" src=\"\/-que-le-compro-\/wp-content\/uploads\/sites\/19\/2013\/06\/cerrado-food-market.jpg\" alt=\"Cerrado Food Market, todos los s\u00e1bados en Cerrado de Calder\u00f3n\" width=\"450\" height=\"245\" srcset=\"https:\/\/static-blogs.diariosur.es\/wp-content\/uploads\/sites\/19\/2013\/06\/cerrado-food-market.jpg 450w, https:\/\/static-blogs.diariosur.es\/wp-content\/uploads\/sites\/19\/2013\/06\/cerrado-food-market-300x163.jpg 300w\" sizes=\"(max-width: 450px) 100vw, 450px\" \/><\/a><p id=\"caption-attachment-2059\" class=\"wp-caption-text\">Cerrado Food Market, todos los s\u00e1bados en Cerrado de Calder\u00f3n<\/p><\/div>\n<p><span style=\"color: #000080;\">Y a unos pocos kil\u00f3metros de este pulm\u00f3n verde de la ciudad, la calle Rodeo de \u00a0la urbanizaci\u00f3n Cerrado de Calder\u00f3n acoger\u00e1 una semana m\u00e1s el <strong>Cerrado Food Market<\/strong>, que adem\u00e1s de alimentos ofrece menaje de lo m\u00e1s original y otros art\u00edculos de decoraci\u00f3n para el hogar, de diez de la ma\u00f1ana a tres de la tarde.<\/span><\/p>\n<div id=\"attachment_2058\" style=\"width: 460px\" class=\"wp-caption aligncenter\"><a href=\"\/-que-le-compro-\/wp-content\/uploads\/sites\/19\/2013\/06\/zoco-sanjuan.jpg\"><img aria-describedby=\"caption-attachment-2058\" loading=\"lazy\" class=\"size-full wp-image-2058\" title=\"Zoco nocturno especial de San Juan en Muelle Uno\" src=\"\/-que-le-compro-\/wp-content\/uploads\/sites\/19\/2013\/06\/zoco-sanjuan.jpg\" alt=\"Zoco nocturno especial de San Juan en Muelle Uno\" width=\"450\" height=\"191\" srcset=\"https:\/\/static-blogs.diariosur.es\/wp-content\/uploads\/sites\/19\/2013\/06\/zoco-sanjuan.jpg 450w, https:\/\/static-blogs.diariosur.es\/wp-content\/uploads\/sites\/19\/2013\/06\/zoco-sanjuan-300x127.jpg 300w\" sizes=\"(max-width: 450px) 100vw, 450px\" \/><\/a><p id=\"caption-attachment-2058\" class=\"wp-caption-text\">Zoco nocturno especial de San Juan en Muelle Uno<\/p><\/div>\n<p><script type=\"text\/javascript\">var addthis_config = {\"data_track_clickback\":true,\"data_track_addressbar\":false,\"data_track_textcopy\":false,\"ui_atversion\":\"300\"}; var addthis_product = 'wpp-3.0.2';<\/script><script type=\"text\/javascript\" src=\"\/\/s7.addthis.com\/js\/300\/addthis_widget.js#pubid=ra-50fc27702fb34fca\"><\/script><\/p>\n<p><span style=\"color: #000080;\">El domingo el n\u00facleo de las compras estar\u00e1 en <strong>Muelle Uno<\/strong>, en el Puerto, en sesi\u00f3n doble. Por un lado, a las cinco de la tarde arrancar\u00e1 la habitual cita de la <strong>asociaci\u00f3n {re} Uni\u00f3n de Creadores<\/strong> (que se prolongar\u00e1 hasta las diez de la noche) , por lo que coincidir\u00e1 con un estreno. El del<strong> zoco nocturno con motivo de San Juan<\/strong>, que se desarrollar\u00e1 de siete de la tarde a una de la madrugada.<\/span><\/p>\n<p><span style=\"color: #000080;\">\u00a1Buen fin de semana!<\/span><\/p>\n","protected":false},"excerpt":{"rendered":"<p>Con el principio del verano llega un fin de semana cargado de mercadillos en M\u00e1laga, de los que gustan para tener mucho donde elegir. Empezando la lista por orden, hay que referirse al medieval que se celebra en Estepona desde este viernes, y que ofrecer\u00e1 m\u00e1s de 80 puestos hasta el domingo. Adem\u00e1s, habr\u00e1 varios [&hellip;]<\/p>\n","protected":false},"author":24,"featured_media":0,"comment_status":"open","ping_status":"open","sticky":false,"template":"","format":"standard","meta":[],"categories":[4],"tags":[718,1584,2433,2644,2832,3977],"_links":{"self":[{"href":"https:\/\/blogs.diariosur.es\/-que-le-compro-\/wp-json\/wp\/v2\/posts\/2057"}],"collection":[{"href":"https:\/\/blogs.diariosur.es\/-que-le-compro-\/wp-json\/wp\/v2\/posts"}],"about":[{"href":"https:\/\/blogs.diariosur.es\/-que-le-compro-\/wp-json\/wp\/v2\/types\/post"}],"author":[{"embeddable":true,"href":"https:\/\/blogs.diariosur.es\/-que-le-compro-\/wp-json\/wp\/v2\/users\/24"}],"replies":[{"embeddable":true,"href":"https:\/\/blogs.diariosur.es\/-que-le-compro-\/wp-json\/wp\/v2\/comments?post=2057"}],"version-history":[{"count":0,"href":"https:\/\/blogs.diariosur.es\/-que-le-compro-\/wp-json\/wp\/v2\/posts\/2057\/revisions"}],"wp:attachment":[{"href":"https:\/\/blogs.diariosur.es\/-que-le-compro-\/wp-json\/wp\/v2\/media?parent=2057"}],"wp:term":[{"taxonomy":"category","embeddable":true,"href":"https:\/\/blogs.diariosur.es\/-que-le-compro-\/wp-json\/wp\/v2\/categories?post=2057"},{"taxonomy":"post_tag","embeddable":true,"href":"https:\/\/blogs.diariosur.es\/-que-le-compro-\/wp-json\/wp\/v2\/tags?post=2057"}],"curies":[{"name":"wp","href":"https:\/\/api.w.org\/{rel}","templated":true}]}}