{"id":2060,"date":"2013-06-23T20:49:00","date_gmt":"2013-06-23T18:49:00","guid":{"rendered":"http:\/\/blogs.diariosur.es\/-que-le-compro-\/?p=2060"},"modified":"2013-06-23T20:49:00","modified_gmt":"2013-06-23T18:49:00","slug":"tiendanimal-com-abre-en-malaga-su-primera-tienda-fisica","status":"publish","type":"post","link":"https:\/\/blogs.diariosur.es\/-que-le-compro-\/2013\/06\/23\/tiendanimal-com-abre-en-malaga-su-primera-tienda-fisica\/","title":{"rendered":"TiendAnimal.com abre en M\u00e1laga su primera tienda f\u00edsica"},"content":{"rendered":"<p><span style=\"color: #333399;\">Ha dado el salto del mundo virtual al real.\u00a0TiendAnimal.com,\u00a0la tienda online de productos para mascotas l\u00edder del mercado en facturaci\u00f3n y n\u00famero de pedidos, ha estrenado su primer comercio f\u00edsico. Y est\u00e1 ubicado en M\u00e1laga, en el parque comercial <strong>M\u00e1laga Nostrum<\/strong> (donde antes estaba Pc City), donde acaba de abrir sus puertas. <\/span><\/p>\n<p><span style=\"color: #333399;\">El nuevo local, que cuenta con una superficie de 700 metros cuadrados, ofrece\u00a0todo tipo de art\u00edculos para las mascotas adem\u00e1s de un espacio dedicado en exclusiva a la adopci\u00f3n de animales. Seg\u00fan sus responsables, es la tienda m\u00e1s grande de Andaluc\u00eda destinada al mundo de la mascota.<\/span><\/p>\n<p><span style=\"color: #333399;\"><strong><a href=\"http:\/\/www.tiendanimal.es\/\" rel=\"external nofollow\">TiendAnimal.com<\/a><\/strong> es una empresa andaluza creada en 2006 cuya p\u00e1gina web\u00a0cuenta actualmente con 200.000 clientes y m\u00e1s de 16.000 productos\u00a0destinados a la alimentaci\u00f3n, salud e higiene de las mascotas as\u00ed como una amplia gama de accesorios de la m\u00e1xima calidad.<\/span><\/p>\n<p><span style=\"color: #333399;\">Esta inauguraci\u00f3n confirma que, pese a los tiempos dif\u00edciles que corren, M\u00e1laga est\u00e1 en racha y es protagonista de buenas noticias como esta. \u00a1Bienvenidos!<\/span><\/p>\n<p><script type=\"text\/javascript\">var addthis_config = {\"data_track_clickback\":true,\"data_track_addressbar\":false,\"data_track_textcopy\":false,\"ui_atversion\":\"300\"}; var addthis_product = 'wpp-3.0.2';<\/script><script type=\"text\/javascript\" src=\"\/\/s7.addthis.com\/js\/300\/addthis_widget.js#pubid=ra-50fc27702fb34fca\"><\/script><\/p>\n<div id=\"attachment_2061\" style=\"width: 460px\" class=\"wp-caption aligncenter\"><a href=\"\/-que-le-compro-\/wp-content\/uploads\/sites\/19\/2013\/06\/apertura-tiendanimal.jpg\"><img aria-describedby=\"caption-attachment-2061\" loading=\"lazy\" class=\"size-full wp-image-2061 \" title=\"As\u00ed es la primera tienda f\u00edsica de TiendAnimal.com, ubicada en M\u00e1laga\" src=\"\/-que-le-compro-\/wp-content\/uploads\/sites\/19\/2013\/06\/apertura-tiendanimal.jpg\" alt=\"As\u00ed es la primera tienda f\u00edsica de TiendAnimal.com, ubicada en M\u00e1laga\" width=\"450\" height=\"222\" srcset=\"https:\/\/static-blogs.diariosur.es\/wp-content\/uploads\/sites\/19\/2013\/06\/apertura-tiendanimal.jpg 450w, https:\/\/static-blogs.diariosur.es\/wp-content\/uploads\/sites\/19\/2013\/06\/apertura-tiendanimal-300x148.jpg 300w\" sizes=\"(max-width: 450px) 100vw, 450px\" \/><\/a><p id=\"caption-attachment-2061\" class=\"wp-caption-text\">As\u00ed es la primera tienda f\u00edsica de TiendAnimal.com, ubicada en M\u00e1laga<\/p><\/div>\n","protected":false},"excerpt":{"rendered":"<p>Ha dado el salto del mundo virtual al real.\u00a0TiendAnimal.com,\u00a0la tienda online de productos para mascotas l\u00edder del mercado en facturaci\u00f3n y n\u00famero de pedidos, ha estrenado su primer comercio f\u00edsico. Y est\u00e1 ubicado en M\u00e1laga, en el parque comercial M\u00e1laga Nostrum (donde antes estaba Pc City), donde acaba de abrir sus puertas. El nuevo local, [&hellip;]<\/p>\n","protected":false},"author":24,"featured_media":0,"comment_status":"open","ping_status":"open","sticky":false,"template":"","format":"standard","meta":[],"categories":[2,7],"tags":[2058,3597,3660],"_links":{"self":[{"href":"https:\/\/blogs.diariosur.es\/-que-le-compro-\/wp-json\/wp\/v2\/posts\/2060"}],"collection":[{"href":"https:\/\/blogs.diariosur.es\/-que-le-compro-\/wp-json\/wp\/v2\/posts"}],"about":[{"href":"https:\/\/blogs.diariosur.es\/-que-le-compro-\/wp-json\/wp\/v2\/types\/post"}],"author":[{"embeddable":true,"href":"https:\/\/blogs.diariosur.es\/-que-le-compro-\/wp-json\/wp\/v2\/users\/24"}],"replies":[{"embeddable":true,"href":"https:\/\/blogs.diariosur.es\/-que-le-compro-\/wp-json\/wp\/v2\/comments?post=2060"}],"version-history":[{"count":0,"href":"https:\/\/blogs.diariosur.es\/-que-le-compro-\/wp-json\/wp\/v2\/posts\/2060\/revisions"}],"wp:attachment":[{"href":"https:\/\/blogs.diariosur.es\/-que-le-compro-\/wp-json\/wp\/v2\/media?parent=2060"}],"wp:term":[{"taxonomy":"category","embeddable":true,"href":"https:\/\/blogs.diariosur.es\/-que-le-compro-\/wp-json\/wp\/v2\/categories?post=2060"},{"taxonomy":"post_tag","embeddable":true,"href":"https:\/\/blogs.diariosur.es\/-que-le-compro-\/wp-json\/wp\/v2\/tags?post=2060"}],"curies":[{"name":"wp","href":"https:\/\/api.w.org\/{rel}","templated":true}]}}