{"id":2065,"date":"2013-06-28T20:02:38","date_gmt":"2013-06-28T18:02:38","guid":{"rendered":"http:\/\/blogs.diariosur.es\/-que-le-compro-\/?p=2065"},"modified":"2013-06-28T20:02:38","modified_gmt":"2013-06-28T18:02:38","slug":"flormar-tienda-malaga","status":"publish","type":"post","link":"https:\/\/blogs.diariosur.es\/-que-le-compro-\/2013\/06\/28\/flormar-tienda-malaga\/","title":{"rendered":"Los colores y bajos precios de Flormar llegan a M\u00e1laga"},"content":{"rendered":"<p><span style=\"color: #333399;\">Est\u00e1 presente en m\u00e1s de 80 pa\u00edses, entre ellos Espa\u00f1a, y por fin le ha llegado el turno a M\u00e1laga capital. Con su ampl\u00edsima variedad de colores y productos y sus irresistibles precios, <strong>Flormar Professional Make-Up<\/strong> acaba de aterrizar en el Centro. Su local est\u00e1 en calle Nueva, donde ha abierto hace apenas unos d\u00edas.<\/span><\/p>\n<p><span style=\"color: #333399;\">La firma, que tiene su f\u00e1brica en Estambul, fue fundada en Italia en 1970 y llega a nuestra ciudad de la mano de cuatro socios de los que \u00c1lvaro Sanz Pe\u00f1a est\u00e1 a la cabeza. Malague\u00f1o de nacimiento, actualmente vive en Madrid, pero no dud\u00f3 en traerse a su ciudad este proyecto que ofrece, seg\u00fan explica, &#8220;un producto sin competencia en precios&#8221;.\u00a0 Hasta ahora en M\u00e1laga solo pod\u00eda encontrarse Flormar en Fuengirola, aunque en Andaluc\u00eda cuenta con representaci\u00f3n en Sevilla, C\u00f3rdoba y Algeciras, por lo que los responsables de este nuevo comercio insisten en que &#8220;ya era hora&#8221; de que llegara a la capital de la Costa del Sol.<\/span><\/p>\n<p><span style=\"color: #333399;\">Una de las ventajas que esta firma ofrece es que, adem\u00e1s de asesorar al cliente (tanto hombres como mujeres) sobre los art\u00edculos que mejor se adaptan a su tipo de piel y estilo, Flormar permite probar los productos, para evitar as\u00ed que una vez en casa haya lamentaciones. <\/span><br \/>\n<span style=\"color: #333399;\">Tambi\u00e9n original es la distribuci\u00f3n de la tienda, ordenada por expositores : eyes (ojos), lips (labios), face (cara), nails (u\u00f1as) y personal care (cuidado personal) adem\u00e1s de accesories (accesorios), para que podamos encontrar con comodidad todo lo necesario para mejorar nuestra imagen.<\/span><\/p>\n<p><span style=\"color: #333399;\">Otra de las caracter\u00edsticas de esta firma, sus bajos precios (lo m\u00e1s caro cuesta 16,95) cuentan con productos en promoci\u00f3n que van variando y que es de lo primero que se ve al acceder a la tienda, junto a la colecci\u00f3n, seg\u00fan la temporada.\u00a0 Y como ya estamos en verano y toca atreverse a innovar, preparaos para ver decenas de colores de esmaltes de u\u00f1as junto a atrevidas sombras para los ojos y originales tonos para los labios.<\/span><\/p>\n<p><span style=\"color: #333399;\"><strong>Abre los domingos<\/strong><\/span><br \/>\n<span style=\"color: #333399;\">El horario actual de atenci\u00f3n al p\u00fablico es de lunes a s\u00e1bado de 10 a 21 horas, y tambi\u00e9n abre los domingos, de 11 a 19 horas, aunque no se descarta ampliar hasta las ocho de la tarde. Y es Sanz considera clave que una ciudad tan tur\u00edstica como M\u00e1laga mantenga su oferta comercial tambi\u00e9n los domingos. &#8220;Creo que abrir los siete d\u00edas de la semana genera empleo y dinamiza el Centro Hist\u00f3rico, y aqu\u00ed o te reciclas o te mueres&#8221;, apunta.<\/span> <span style=\"color: #333399;\">Sanz, que afronta esta inauguraci\u00f3n &#8220;muy ilusionado\u201d, destaca que la acogida por parte del p\u00fablico &#8220;ha sido muy buena&#8221; pese a que esta firma no es a\u00fan conocida por una gran mayor\u00eda, y para celebrar su inauguraci\u00f3n regalan un neceser por cada 20 euros de compras hasta fin de existencias. <\/span><br \/>\n<span style=\"color: #333399;\"><strong><br \/>\nRegalos a los clientes<\/strong><\/span><br \/>\n<span style=\"color: #333399;\">Como premio a sus clientes habituales, Flormar dispone de una tarjeta de fidelizaci\u00f3n con la que, por cada cinco compras de un coste m\u00ednimo de 15 euros regalan al consumidor el producto que elija de la tienda y adem\u00e1s le obsequian con una sesi\u00f3n de maquillaje o de auto-maquillaje, para que el o la interesad@ pueda aprender a sacar el m\u00e1ximo partido de su imagen, seg\u00fan se prefiera: \u00bfA que suena bien?<\/span><\/p>\n<p><script type=\"text\/javascript\">var addthis_config = {\"data_track_clickback\":true,\"data_track_addressbar\":false,\"data_track_textcopy\":false,\"ui_atversion\":\"300\"}; var addthis_product = 'wpp-3.0.2';<\/script><script type=\"text\/javascript\" src=\"\/\/s7.addthis.com\/js\/300\/addthis_widget.js#pubid=ra-50fc27702fb34fca\"><\/script><\/p>\n<p><span style=\"color: #333399;\">Aqu\u00ed pod\u00e9is ver en fotos c\u00f3mo es esta nueva tienda: \u00a1Bienvenidos!<\/span><\/p>\n<p><a href=\"\/-que-le-compro-\/wp-content\/uploads\/sites\/19\/2013\/06\/flormar11.jpg\"><img loading=\"lazy\" class=\"aligncenter size-full wp-image-2075\" title=\"Flormar llega a M\u00e1laga capital\" src=\"\/-que-le-compro-\/wp-content\/uploads\/sites\/19\/2013\/06\/flormar11.jpg\" alt=\"Flormar llega a M\u00e1laga capital\" width=\"500\" height=\"375\" srcset=\"https:\/\/static-blogs.diariosur.es\/wp-content\/uploads\/sites\/19\/2013\/06\/flormar11.jpg 500w, https:\/\/static-blogs.diariosur.es\/wp-content\/uploads\/sites\/19\/2013\/06\/flormar11-300x225.jpg 300w\" sizes=\"(max-width: 500px) 100vw, 500px\" \/><\/a><\/p>\n<div id=\"attachment_2077\" style=\"width: 510px\" class=\"wp-caption aligncenter\"><a href=\"\/-que-le-compro-\/wp-content\/uploads\/sites\/19\/2013\/06\/flormar31.jpg\"><img aria-describedby=\"caption-attachment-2077\" loading=\"lazy\" class=\"size-full wp-image-2077\" title=\"Flormar llega a M\u00e1laga capital\" src=\"\/-que-le-compro-\/wp-content\/uploads\/sites\/19\/2013\/06\/flormar31.jpg\" alt=\"Flormar llega a M\u00e1laga capital\" width=\"500\" height=\"694\" srcset=\"https:\/\/static-blogs.diariosur.es\/wp-content\/uploads\/sites\/19\/2013\/06\/flormar31.jpg 500w, https:\/\/static-blogs.diariosur.es\/wp-content\/uploads\/sites\/19\/2013\/06\/flormar31-216x300.jpg 216w\" sizes=\"(max-width: 500px) 100vw, 500px\" \/><\/a><p id=\"caption-attachment-2077\" class=\"wp-caption-text\">Flormar llega a M\u00e1laga capital<\/p><\/div>\n<p><a href=\"\/-que-le-compro-\/wp-content\/uploads\/sites\/19\/2013\/06\/flormar21.jpg\"><img loading=\"lazy\" class=\"aligncenter size-full wp-image-2076\" title=\"Flormar llega a M\u00e1laga capital\" src=\"\/-que-le-compro-\/wp-content\/uploads\/sites\/19\/2013\/06\/flormar21.jpg\" alt=\"Flormar llega a M\u00e1laga capital\" width=\"500\" height=\"375\" srcset=\"https:\/\/static-blogs.diariosur.es\/wp-content\/uploads\/sites\/19\/2013\/06\/flormar21.jpg 500w, https:\/\/static-blogs.diariosur.es\/wp-content\/uploads\/sites\/19\/2013\/06\/flormar21-300x225.jpg 300w\" sizes=\"(max-width: 500px) 100vw, 500px\" \/><\/a><\/p>\n<div id=\"attachment_2078\" style=\"width: 510px\" class=\"wp-caption aligncenter\"><a href=\"\/-que-le-compro-\/wp-content\/uploads\/sites\/19\/2013\/06\/flormar41.jpg\"><img aria-describedby=\"caption-attachment-2078\" loading=\"lazy\" class=\"size-full wp-image-2078\" title=\"Set de maquillaje de la tienda\" src=\"\/-que-le-compro-\/wp-content\/uploads\/sites\/19\/2013\/06\/flormar41.jpg\" alt=\"Set de maquillaje de la tienda\" width=\"500\" height=\"951\" srcset=\"https:\/\/static-blogs.diariosur.es\/wp-content\/uploads\/sites\/19\/2013\/06\/flormar41.jpg 500w, https:\/\/static-blogs.diariosur.es\/wp-content\/uploads\/sites\/19\/2013\/06\/flormar41-158x300.jpg 158w\" sizes=\"(max-width: 500px) 100vw, 500px\" \/><\/a><p id=\"caption-attachment-2078\" class=\"wp-caption-text\">Set de maquillaje de la tienda<\/p><\/div>\n<div id=\"attachment_2079\" style=\"width: 510px\" class=\"wp-caption aligncenter\"><a href=\"\/-que-le-compro-\/wp-content\/uploads\/sites\/19\/2013\/06\/flormar51.jpg\"><img aria-describedby=\"caption-attachment-2079\" loading=\"lazy\" class=\"size-full wp-image-2079\" title=\"Parte de la amplia variedad en esmaltes de u\u00f1as\" src=\"\/-que-le-compro-\/wp-content\/uploads\/sites\/19\/2013\/06\/flormar51.jpg\" alt=\"Parte de la amplia variedad en esmaltes de u\u00f1as\" width=\"500\" height=\"328\" srcset=\"https:\/\/static-blogs.diariosur.es\/wp-content\/uploads\/sites\/19\/2013\/06\/flormar51.jpg 500w, https:\/\/static-blogs.diariosur.es\/wp-content\/uploads\/sites\/19\/2013\/06\/flormar51-300x197.jpg 300w\" sizes=\"(max-width: 500px) 100vw, 500px\" \/><\/a><p id=\"caption-attachment-2079\" class=\"wp-caption-text\">Parte de la amplia variedad en esmaltes de u\u00f1as<\/p><\/div>\n<p>&nbsp;<\/p>\n<div id=\"attachment_2080\" style=\"width: 510px\" class=\"wp-caption aligncenter\"><a href=\"\/-que-le-compro-\/wp-content\/uploads\/sites\/19\/2013\/06\/flormar61.jpg\"><img aria-describedby=\"caption-attachment-2080\" loading=\"lazy\" class=\"size-full wp-image-2080\" title=\"Propuestas de tonos para el verano\" src=\"\/-que-le-compro-\/wp-content\/uploads\/sites\/19\/2013\/06\/flormar61.jpg\" alt=\"Propuestas para el verano\" width=\"500\" height=\"307\" srcset=\"https:\/\/static-blogs.diariosur.es\/wp-content\/uploads\/sites\/19\/2013\/06\/flormar61.jpg 500w, https:\/\/static-blogs.diariosur.es\/wp-content\/uploads\/sites\/19\/2013\/06\/flormar61-300x184.jpg 300w\" sizes=\"(max-width: 500px) 100vw, 500px\" \/><\/a><p id=\"caption-attachment-2080\" class=\"wp-caption-text\">Propuestas de tonos para el verano<\/p><\/div>\n<p>&nbsp;<\/p>\n<div id=\"attachment_2081\" style=\"width: 510px\" class=\"wp-caption aligncenter\"><a href=\"\/-que-le-compro-\/wp-content\/uploads\/sites\/19\/2013\/06\/flormar71.jpg\"><img aria-describedby=\"caption-attachment-2081\" loading=\"lazy\" class=\"size-full wp-image-2081\" title=\"Parte de la amplia oferta en tonos para los labios\" src=\"\/-que-le-compro-\/wp-content\/uploads\/sites\/19\/2013\/06\/flormar71.jpg\" alt=\"Parte de la amplia oferta en tonos para los labios\" width=\"500\" height=\"375\" srcset=\"https:\/\/static-blogs.diariosur.es\/wp-content\/uploads\/sites\/19\/2013\/06\/flormar71.jpg 500w, https:\/\/static-blogs.diariosur.es\/wp-content\/uploads\/sites\/19\/2013\/06\/flormar71-300x225.jpg 300w\" sizes=\"(max-width: 500px) 100vw, 500px\" \/><\/a><p id=\"caption-attachment-2081\" class=\"wp-caption-text\">Parte de la amplia oferta en tonos para los labios<\/p><\/div>\n<p>&nbsp;<\/p>\n<div id=\"attachment_2082\" style=\"width: 510px\" class=\"wp-caption aligncenter\"><a href=\"\/-que-le-compro-\/wp-content\/uploads\/sites\/19\/2013\/06\/flormar-estreno1.jpg\"><img aria-describedby=\"caption-attachment-2082\" loading=\"lazy\" class=\"size-full wp-image-2082\" title=\"Inauguraci\u00f3n el pasado d\u00eda 20 en calle Nueva\" src=\"\/-que-le-compro-\/wp-content\/uploads\/sites\/19\/2013\/06\/flormar-estreno1.jpg\" alt=\"Inauguraci\u00f3n el pasado d\u00eda 20 en calle Nueva\" width=\"500\" height=\"359\" srcset=\"https:\/\/static-blogs.diariosur.es\/wp-content\/uploads\/sites\/19\/2013\/06\/flormar-estreno1.jpg 500w, https:\/\/static-blogs.diariosur.es\/wp-content\/uploads\/sites\/19\/2013\/06\/flormar-estreno1-300x215.jpg 300w\" sizes=\"(max-width: 500px) 100vw, 500px\" \/><\/a><p id=\"caption-attachment-2082\" class=\"wp-caption-text\">Inauguraci\u00f3n el pasado d\u00eda 20 en calle Nueva<\/p><\/div>\n<div id=\"attachment_2083\" style=\"width: 510px\" class=\"wp-caption aligncenter\"><a href=\"\/-que-le-compro-\/wp-content\/uploads\/sites\/19\/2013\/06\/flormar-socio1.jpg\"><img aria-describedby=\"caption-attachment-2083\" loading=\"lazy\" class=\"size-full wp-image-2083\" title=\"\u00c1lvaro Sanz, en el centro, junto a parte del staff\" src=\"\/-que-le-compro-\/wp-content\/uploads\/sites\/19\/2013\/06\/flormar-socio1.jpg\" alt=\"\u00c1lvaro Sanz, en el centro, junto a parte del staff\" width=\"500\" height=\"401\" srcset=\"https:\/\/static-blogs.diariosur.es\/wp-content\/uploads\/sites\/19\/2013\/06\/flormar-socio1.jpg 500w, https:\/\/static-blogs.diariosur.es\/wp-content\/uploads\/sites\/19\/2013\/06\/flormar-socio1-300x241.jpg 300w\" sizes=\"(max-width: 500px) 100vw, 500px\" \/><\/a><p id=\"caption-attachment-2083\" class=\"wp-caption-text\">\u00c1lvaro Sanz, en el centro, junto a parte del staff<\/p><\/div>\n<p>&nbsp;<\/p>\n","protected":false},"excerpt":{"rendered":"<p>Est\u00e1 presente en m\u00e1s de 80 pa\u00edses, entre ellos Espa\u00f1a, y por fin le ha llegado el turno a M\u00e1laga capital. Con su ampl\u00edsima variedad de colores y productos y sus irresistibles precios, Flormar Professional Make-Up acaba de aterrizar en el Centro. Su local est\u00e1 en calle Nueva, donde ha abierto hace apenas unos d\u00edas. [&hellip;]<\/p>\n","protected":false},"author":24,"featured_media":0,"comment_status":"open","ping_status":"open","sticky":false,"template":"","format":"standard","meta":[],"categories":[7],"tags":[1454,1455,2095],"_links":{"self":[{"href":"https:\/\/blogs.diariosur.es\/-que-le-compro-\/wp-json\/wp\/v2\/posts\/2065"}],"collection":[{"href":"https:\/\/blogs.diariosur.es\/-que-le-compro-\/wp-json\/wp\/v2\/posts"}],"about":[{"href":"https:\/\/blogs.diariosur.es\/-que-le-compro-\/wp-json\/wp\/v2\/types\/post"}],"author":[{"embeddable":true,"href":"https:\/\/blogs.diariosur.es\/-que-le-compro-\/wp-json\/wp\/v2\/users\/24"}],"replies":[{"embeddable":true,"href":"https:\/\/blogs.diariosur.es\/-que-le-compro-\/wp-json\/wp\/v2\/comments?post=2065"}],"version-history":[{"count":0,"href":"https:\/\/blogs.diariosur.es\/-que-le-compro-\/wp-json\/wp\/v2\/posts\/2065\/revisions"}],"wp:attachment":[{"href":"https:\/\/blogs.diariosur.es\/-que-le-compro-\/wp-json\/wp\/v2\/media?parent=2065"}],"wp:term":[{"taxonomy":"category","embeddable":true,"href":"https:\/\/blogs.diariosur.es\/-que-le-compro-\/wp-json\/wp\/v2\/categories?post=2065"},{"taxonomy":"post_tag","embeddable":true,"href":"https:\/\/blogs.diariosur.es\/-que-le-compro-\/wp-json\/wp\/v2\/tags?post=2065"}],"curies":[{"name":"wp","href":"https:\/\/api.w.org\/{rel}","templated":true}]}}