{"id":2085,"date":"2013-06-30T21:48:53","date_gmt":"2013-06-30T19:48:53","guid":{"rendered":"http:\/\/blogs.diariosur.es\/-que-le-compro-\/?p=2085"},"modified":"2013-06-30T21:48:53","modified_gmt":"2013-06-30T19:48:53","slug":"1-de-julio-empiezan-las-rebajas-de-verano-2013","status":"publish","type":"post","link":"https:\/\/blogs.diariosur.es\/-que-le-compro-\/2013\/06\/30\/1-de-julio-empiezan-las-rebajas-de-verano-2013\/","title":{"rendered":"1 de julio: empiezan las rebajas de verano 2013"},"content":{"rendered":"<p><span style=\"color: #000080;\">Ya desde hace varios d\u00edas, en algunos casos hasta semanas, pod\u00edan verse en las tiendas anuncios de promociones especiales, ofertas y descuentos, pero desde este lunes a\u00fan m\u00e1s. Porque este 1 de julio arrancan oficialmente las rebajas de verano 2013 en toda Espa\u00f1a, y empiezan fuerte, con descuentos de hasta el 70%.<\/span><\/p>\n<p><span style=\"color: #000080;\">Los informes se\u00f1alan apuntan a que como media por persona nos gastaremos 50 euros, una cifra bastante discreta respecto a otros a\u00f1os, pero es que la coyuntura econ\u00f3mica sigue siendo complicada y los propios comerciantes malague\u00f1os tampoco tienen demasiadas esperanzas esta campa\u00f1a, seg\u00fan un<a href=\"http:\/\/www.diariosur.es\/20130630\/local\/malaga\/comerciantes-preve-periodo-rebajas-201306301337.html\" rel=\"external nofollow\"><span style=\"color: #000080;\"> sondeo de Fecoma<\/span><\/a>.<\/span><\/p>\n<p><span style=\"color: #000080;\">Como suele ser habitual, lo m\u00e1s buscado ser\u00e1n la moda, calzado y complementos, pero esta es la \u00e9poca que muchos aprovechan, con buena l\u00f3gica, para renovar parte del mobiliario de casa, la decoraci\u00f3n o permitirse alg\u00fan capricho. \u00bfYa sab\u00e9is lo que os vais a comprar este verano?\u00a0<\/span><\/p>\n<p><script type=\"text\/javascript\">var addthis_config = {\"data_track_clickback\":true,\"data_track_addressbar\":false,\"data_track_textcopy\":false,\"ui_atversion\":\"300\"}; var addthis_product = 'wpp-3.0.2';<\/script><script type=\"text\/javascript\" src=\"\/\/s7.addthis.com\/js\/300\/addthis_widget.js#pubid=ra-50fc27702fb34fca\"><\/script><br \/>\n<strong>Fechas oficiales de rebajas por comunidades aut\u00f3nomas:<\/strong><\/p>\n<ul>\n<li><span style=\"color: #993300;\"><strong>Andaluc\u00eda: Del 1 de julio al 31 de agosto<\/strong>.<\/span><\/li>\n<li><span style=\"color: #000080;\">Arag\u00f3n: Del 1 de julio al 1 de septiembre.<\/span><\/li>\n<li><span style=\"color: #000080;\">Baleares: dos meses, desde el 1 de julio o primer d\u00eda laborable siguiente al 31 de agosto.<\/span><\/li>\n<li><span style=\"color: #000080;\">Canarias: Desde el 1 de julio al 31 de agosto.<\/span><\/li>\n<li><span style=\"color: #000080;\">Cantabria: Desde el 1 de julio al 30 de septiembre.<\/span><\/li>\n<li><span style=\"color: #000080;\">Castilla La Mancha: Desde el 1 de julio al 30 de septiembre.<\/span><\/li>\n<li><span style=\"color: #000080;\">Castilla y Le\u00f3n: Desde el 1 de julio al 31 de agosto.<\/span><\/li>\n<li><span style=\"color: #000080;\">Catalu\u00f1a: Desde el 1 de julio al 31 de agosto.<\/span><\/li>\n<li><span style=\"color: #000080;\">Comunidad Valenciana: A partir del \u00faltimo lunes laborable de junio hasta el primer s\u00e1bado del mes siguiente de septiembre.<\/span><\/li>\n<li><span style=\"color: #000080;\">Extremadura: Desde el 1 de julio al 31 de agosto.<\/span><\/li>\n<li><span style=\"color: #000080;\">Galicia: Desde el 1 de julio al 30 de septiembre.<\/span><\/li>\n<li><span style=\"color: #000080;\">Madrid: Desde el 21 de junio a 21 de septiembre.<\/span><\/li>\n<li><span style=\"color: #000080;\">Murcia: Desde el 1 de julio al 31 de agosto.<\/span><\/li>\n<li><span style=\"color: #000080;\">Navarra: Desde el 1 de julio al 31 de agosto.<\/span><\/li>\n<li><span style=\"color: #000080;\">Pa\u00eds Vasco: Desde el 1 de julio al 30 de septiembre.<\/span><\/li>\n<li><span style=\"color: #000080;\">Asturias: Desde el 1 de julio hasta el 31 de agosto.<\/span><\/li>\n<li><span style=\"color: #000080;\">La Rioja: Desde el 1 de julio al 31 de agosto.<\/span><\/li>\n<li><span style=\"color: #000080;\">Ceuta: Desde el 1 de julio al 31 de agosto.<\/span><\/li>\n<li><span style=\"color: #000080;\">Melilla: Desde el 1 de julio al 31 de agosto.<\/span><\/li>\n<\/ul>\n<div><\/div>\n<div><span style=\"color: #000080;\"><a href=\"\/-que-le-compro-\/wp-content\/uploads\/sites\/19\/2013\/07\/rebajas-escaparate.jpg\"><img loading=\"lazy\" class=\"aligncenter size-full wp-image-2086\" title=\"Rebajas verano 2013\" src=\"\/-que-le-compro-\/wp-content\/uploads\/sites\/19\/2013\/07\/rebajas-escaparate.jpg\" alt=\"Rebajas verano 2013\" width=\"510\" height=\"368\" srcset=\"https:\/\/static-blogs.diariosur.es\/wp-content\/uploads\/sites\/19\/2013\/07\/rebajas-escaparate.jpg 510w, https:\/\/static-blogs.diariosur.es\/wp-content\/uploads\/sites\/19\/2013\/07\/rebajas-escaparate-300x216.jpg 300w\" sizes=\"(max-width: 510px) 100vw, 510px\" \/><\/a><\/span><\/div>\n","protected":false},"excerpt":{"rendered":"<p>Ya desde hace varios d\u00edas, en algunos casos hasta semanas, pod\u00edan verse en las tiendas anuncios de promociones especiales, ofertas y descuentos, pero desde este lunes a\u00fan m\u00e1s. Porque este 1 de julio arrancan oficialmente las rebajas de verano 2013 en toda Espa\u00f1a, y empiezan fuerte, con descuentos de hasta el 70%. Los informes se\u00f1alan [&hellip;]<\/p>\n","protected":false},"author":24,"featured_media":0,"comment_status":"open","ping_status":"open","sticky":false,"template":"","format":"standard","meta":[],"categories":[2,7],"tags":[966,1360,3138,3702],"_links":{"self":[{"href":"https:\/\/blogs.diariosur.es\/-que-le-compro-\/wp-json\/wp\/v2\/posts\/2085"}],"collection":[{"href":"https:\/\/blogs.diariosur.es\/-que-le-compro-\/wp-json\/wp\/v2\/posts"}],"about":[{"href":"https:\/\/blogs.diariosur.es\/-que-le-compro-\/wp-json\/wp\/v2\/types\/post"}],"author":[{"embeddable":true,"href":"https:\/\/blogs.diariosur.es\/-que-le-compro-\/wp-json\/wp\/v2\/users\/24"}],"replies":[{"embeddable":true,"href":"https:\/\/blogs.diariosur.es\/-que-le-compro-\/wp-json\/wp\/v2\/comments?post=2085"}],"version-history":[{"count":0,"href":"https:\/\/blogs.diariosur.es\/-que-le-compro-\/wp-json\/wp\/v2\/posts\/2085\/revisions"}],"wp:attachment":[{"href":"https:\/\/blogs.diariosur.es\/-que-le-compro-\/wp-json\/wp\/v2\/media?parent=2085"}],"wp:term":[{"taxonomy":"category","embeddable":true,"href":"https:\/\/blogs.diariosur.es\/-que-le-compro-\/wp-json\/wp\/v2\/categories?post=2085"},{"taxonomy":"post_tag","embeddable":true,"href":"https:\/\/blogs.diariosur.es\/-que-le-compro-\/wp-json\/wp\/v2\/tags?post=2085"}],"curies":[{"name":"wp","href":"https:\/\/api.w.org\/{rel}","templated":true}]}}