{"id":2087,"date":"2013-07-02T12:29:22","date_gmt":"2013-07-02T10:29:22","guid":{"rendered":"http:\/\/blogs.diariosur.es\/-que-le-compro-\/?p=2087"},"modified":"2013-07-02T12:29:22","modified_gmt":"2013-07-02T10:29:22","slug":"talleres-en-julio-en-la-tienda-artesano-malaga","status":"publish","type":"post","link":"https:\/\/blogs.diariosur.es\/-que-le-compro-\/2013\/07\/02\/talleres-en-julio-en-la-tienda-artesano-malaga\/","title":{"rendered":"Talleres de amigurumi, peluches y m\u00e1s en Artesano M\u00e1laga"},"content":{"rendered":"<p><span style=\"color: #333399;\">La tienda <strong>Artesano M\u00e1laga<\/strong> comienza el mes de julio con una propuesta muy interesante: talleres diferentes, uno por cada s\u00e1bado, para este mes. As\u00ed que si quer\u00e9is aprender a hacer amigurumi o reciclar cajas, no dej\u00e9is pasar esta oportunidad, que tambi\u00e9n ofrece \u00a1aprender a crear peluches! <\/span><\/p>\n<p><span style=\"color: #000080;\">Cada taller tiene un precio, pero todos incluyen el material y un caf\u00e9. Si quer\u00e9is m\u00e1s informaci\u00f3n solo ten\u00e9is que llamar al 951 382 619 o mandar un <a href=\"mailto:clientesartesano@gmail.com\"><span style=\"color: #000080;\">e-mail aqu\u00ed.<\/span><\/a><\/span><\/p>\n<p><span style=\"color: #000080;\"><strong>Programa<\/strong><\/span><br \/>\n<em><span style=\"color: #000080;\"> S\u00e1bado 6 de julio Taller de creaci\u00f3n de peluches<\/span><\/em><br \/>\n<span style=\"color: #000080;\"> 10:30h. a 12:00h. Precio: 6\u20ac<\/span><br \/>\n<span style=\"color: #000080;\"> Descripci\u00f3n: Aprender\u00e1s a realizar peluches mediante patrones b\u00e1sicos con telas de fieltro. todos los materiales incluidos.<\/span><br \/>\n<span style=\"color: #000080;\"><br \/>\n<em>S\u00e1bado 13 de julio<\/em><br \/>\n<\/span><span style=\"color: #000080;\">Taller de iniciaci\u00f3n al l\u00e1piz bastidor<\/span><br \/>\n<span style=\"color: #000080;\"> 10:30h. a 13:30h. Precio: 20\u20ac<\/span><br \/>\n<span style=\"color: #000080;\"> Descripci\u00f3n: Aprender\u00e1s las t\u00e9cnicas b\u00e1sicas para realizar un tapiz utilizando un peque\u00f1o bastidor. Tejidos, instrumental y bastidor incluidos.<\/span><br \/>\n<span style=\"color: #000080;\"> se incluyen todos los materiales.<br \/>\n<\/span><br \/>\n<em><span style=\"color: #000080;\"> S\u00e1bado 20 de julio<\/span><\/em><br \/>\n<span style=\"color: #000080;\"> Taller de reciclaje de cajitas-regalo<\/span><br \/>\n<span style=\"color: #000080;\"> 11:00h. a 12:30h. Precio: 6\u20ac<\/span><br \/>\n<span style=\"color: #000080;\"> Descripci\u00f3n: Aprender\u00e1s a usar cart\u00f3n reciclado para realizar peque\u00f1os estuches forrados con tela o papeles estampados y decorados como cajitas de regalo.<br \/>\n<\/span><br \/>\n<em><span style=\"color: #000080;\"> S\u00e1bado 27 de julio<br \/>\n<\/span><\/em><span style=\"color: #000080;\">Taller de iniciaci\u00f3n al amigurumi<\/span><em><span style=\"color: #000080;\"><br \/>\n<\/span><\/em><span style=\"color: #000080;\">10:30h. a 13:30h. Precio: 30\u20ac<br \/>\n<\/span><span style=\"color: #000080;\">Descripci\u00f3n: Aprender\u00e1s desde cero esta t\u00e9cnica japonesa sin necesidad de saber ganchillo (crochet). Interpretar\u00e1s patrones y dominar\u00e1s las formas b\u00e1sicas para empezar a hacer tus mu\u00f1ecos. Materiales incluidos.<\/span><\/p>\n<p>&nbsp;<\/p>\n<p><script type=\"text\/javascript\">var addthis_config = {\"data_track_clickback\":true,\"data_track_addressbar\":false,\"data_track_textcopy\":false,\"ui_atversion\":\"300\"}; var addthis_product = 'wpp-3.0.2';<\/script><script type=\"text\/javascript\" src=\"\/\/s7.addthis.com\/js\/300\/addthis_widget.js#pubid=ra-50fc27702fb34fca\"><\/script><\/p>\n<div id=\"attachment_2088\" style=\"width: 460px\" class=\"wp-caption aligncenter\"><img aria-describedby=\"caption-attachment-2088\" loading=\"lazy\" class=\"size-full wp-image-2088 \" title=\"Talleres de julio en Artesano M\u00e1laga\" src=\"\/-que-le-compro-\/wp-content\/uploads\/sites\/19\/2013\/07\/talleres.jpg\" alt=\"Talleres de julio en Artesano M\u00e1laga\" width=\"450\" height=\"637\" srcset=\"https:\/\/static-blogs.diariosur.es\/wp-content\/uploads\/sites\/19\/2013\/07\/talleres.jpg 450w, https:\/\/static-blogs.diariosur.es\/wp-content\/uploads\/sites\/19\/2013\/07\/talleres-212x300.jpg 212w\" sizes=\"(max-width: 450px) 100vw, 450px\" \/><p id=\"caption-attachment-2088\" class=\"wp-caption-text\">Talleres de julio en Artesano M\u00e1laga<\/p><\/div>\n","protected":false},"excerpt":{"rendered":"<p>La tienda Artesano M\u00e1laga comienza el mes de julio con una propuesta muy interesante: talleres diferentes, uno por cada s\u00e1bado, para este mes. As\u00ed que si quer\u00e9is aprender a hacer amigurumi o reciclar cajas, no dej\u00e9is pasar esta oportunidad, que tambi\u00e9n ofrece \u00a1aprender a crear peluches! Cada taller tiene un precio, pero todos incluyen el [&hellip;]<\/p>\n","protected":false},"author":24,"featured_media":0,"comment_status":"open","ping_status":"open","sticky":false,"template":"","format":"standard","meta":[],"categories":[7],"tags":[256,989,1816,3499,3682],"_links":{"self":[{"href":"https:\/\/blogs.diariosur.es\/-que-le-compro-\/wp-json\/wp\/v2\/posts\/2087"}],"collection":[{"href":"https:\/\/blogs.diariosur.es\/-que-le-compro-\/wp-json\/wp\/v2\/posts"}],"about":[{"href":"https:\/\/blogs.diariosur.es\/-que-le-compro-\/wp-json\/wp\/v2\/types\/post"}],"author":[{"embeddable":true,"href":"https:\/\/blogs.diariosur.es\/-que-le-compro-\/wp-json\/wp\/v2\/users\/24"}],"replies":[{"embeddable":true,"href":"https:\/\/blogs.diariosur.es\/-que-le-compro-\/wp-json\/wp\/v2\/comments?post=2087"}],"version-history":[{"count":0,"href":"https:\/\/blogs.diariosur.es\/-que-le-compro-\/wp-json\/wp\/v2\/posts\/2087\/revisions"}],"wp:attachment":[{"href":"https:\/\/blogs.diariosur.es\/-que-le-compro-\/wp-json\/wp\/v2\/media?parent=2087"}],"wp:term":[{"taxonomy":"category","embeddable":true,"href":"https:\/\/blogs.diariosur.es\/-que-le-compro-\/wp-json\/wp\/v2\/categories?post=2087"},{"taxonomy":"post_tag","embeddable":true,"href":"https:\/\/blogs.diariosur.es\/-que-le-compro-\/wp-json\/wp\/v2\/tags?post=2087"}],"curies":[{"name":"wp","href":"https:\/\/api.w.org\/{rel}","templated":true}]}}