{"id":2089,"date":"2013-07-03T18:20:15","date_gmt":"2013-07-03T16:20:15","guid":{"rendered":"http:\/\/blogs.diariosur.es\/-que-le-compro-\/?p=2089"},"modified":"2013-07-03T18:20:15","modified_gmt":"2013-07-03T16:20:15","slug":"rosa-clara-presenta-sus-joyas-en-malaga","status":"publish","type":"post","link":"https:\/\/blogs.diariosur.es\/-que-le-compro-\/2013\/07\/03\/rosa-clara-presenta-sus-joyas-en-malaga\/","title":{"rendered":"Rosa Clar\u00e1 presenta sus joyas en M\u00e1laga"},"content":{"rendered":"<p><span style=\"color: #000080;\">La dise\u00f1adora <strong>Rosa Clar<\/strong>\u00e1 se ha lanzado al mundo de las joyas. La conocida creadora de vestidos de novia cuenta con una colecci\u00f3n de complementos originales que este mi\u00e9rcoles podr\u00e1n verse en M\u00e1laga. Ser\u00e1 en <strong>Jos\u00e9 Luis Joyeros<\/strong> (calle Alarc\u00f3n Luj\u00e1n 7 y 9) a partir de las 19.30 horas.<\/span><\/p>\n<p><span style=\"color: #000080;\">Para la presentaci\u00f3n se ha preparado un c\u00f3ctel dirigido a 20 parejas casaderas que ser\u00e1n recibidas con cava y se podr\u00e1n fotografiar con una modelo vestida de novia de Rosa Clar\u00e1, adem\u00e1s de probar la nueva colecci\u00f3n de joyas de la firma.\u00a0Adem\u00e1s se podr\u00e1n llevar a casa un peque\u00f1o obsequio de la firma.<\/span><\/p>\n<p><span style=\"color: #000080;\">\u00bfOs anim\u00e1is?<\/span><\/p>\n<p><script type=\"text\/javascript\">var addthis_config = {\"data_track_clickback\":true,\"data_track_addressbar\":false,\"data_track_textcopy\":false,\"ui_atversion\":\"300\"}; var addthis_product = 'wpp-3.0.2';<\/script><script type=\"text\/javascript\" src=\"\/\/s7.addthis.com\/js\/300\/addthis_widget.js#pubid=ra-50fc27702fb34fca\"><\/script><\/p>\n<p><a href=\"\/-que-le-compro-\/wp-content\/uploads\/sites\/19\/2013\/07\/rosa-clara.jpg\"><img loading=\"lazy\" class=\"aligncenter size-full wp-image-2090\" title=\"Un dise\u00f1o de Rosa Clar\u00e1\" src=\"\/-que-le-compro-\/wp-content\/uploads\/sites\/19\/2013\/07\/rosa-clara.jpg\" alt=\"Un dise\u00f1o de Rosa Clar\u00e1\" width=\"450\" height=\"400\" srcset=\"https:\/\/static-blogs.diariosur.es\/wp-content\/uploads\/sites\/19\/2013\/07\/rosa-clara.jpg 450w, https:\/\/static-blogs.diariosur.es\/wp-content\/uploads\/sites\/19\/2013\/07\/rosa-clara-300x267.jpg 300w\" sizes=\"(max-width: 450px) 100vw, 450px\" \/><\/a><\/p>\n","protected":false},"excerpt":{"rendered":"<p>La dise\u00f1adora Rosa Clar\u00e1 se ha lanzado al mundo de las joyas. La conocida creadora de vestidos de novia cuenta con una colecci\u00f3n de complementos originales que este mi\u00e9rcoles podr\u00e1n verse en M\u00e1laga. Ser\u00e1 en Jos\u00e9 Luis Joyeros (calle Alarc\u00f3n Luj\u00e1n 7 y 9) a partir de las 19.30 horas. Para la presentaci\u00f3n se ha [&hellip;]<\/p>\n","protected":false},"author":24,"featured_media":0,"comment_status":"open","ping_status":"open","sticky":false,"template":"","format":"standard","meta":[],"categories":[7],"tags":[1774,3274,3682,3866],"_links":{"self":[{"href":"https:\/\/blogs.diariosur.es\/-que-le-compro-\/wp-json\/wp\/v2\/posts\/2089"}],"collection":[{"href":"https:\/\/blogs.diariosur.es\/-que-le-compro-\/wp-json\/wp\/v2\/posts"}],"about":[{"href":"https:\/\/blogs.diariosur.es\/-que-le-compro-\/wp-json\/wp\/v2\/types\/post"}],"author":[{"embeddable":true,"href":"https:\/\/blogs.diariosur.es\/-que-le-compro-\/wp-json\/wp\/v2\/users\/24"}],"replies":[{"embeddable":true,"href":"https:\/\/blogs.diariosur.es\/-que-le-compro-\/wp-json\/wp\/v2\/comments?post=2089"}],"version-history":[{"count":0,"href":"https:\/\/blogs.diariosur.es\/-que-le-compro-\/wp-json\/wp\/v2\/posts\/2089\/revisions"}],"wp:attachment":[{"href":"https:\/\/blogs.diariosur.es\/-que-le-compro-\/wp-json\/wp\/v2\/media?parent=2089"}],"wp:term":[{"taxonomy":"category","embeddable":true,"href":"https:\/\/blogs.diariosur.es\/-que-le-compro-\/wp-json\/wp\/v2\/categories?post=2089"},{"taxonomy":"post_tag","embeddable":true,"href":"https:\/\/blogs.diariosur.es\/-que-le-compro-\/wp-json\/wp\/v2\/tags?post=2089"}],"curies":[{"name":"wp","href":"https:\/\/api.w.org\/{rel}","templated":true}]}}