{"id":2091,"date":"2013-07-04T16:43:40","date_gmt":"2013-07-04T14:43:40","guid":{"rendered":"http:\/\/blogs.diariosur.es\/-que-le-compro-\/?p=2091"},"modified":"2013-07-04T16:43:40","modified_gmt":"2013-07-04T14:43:40","slug":"el-domingo-7-de-julio-abren-los-centros-comerciales-de-malaga","status":"publish","type":"post","link":"https:\/\/blogs.diariosur.es\/-que-le-compro-\/2013\/07\/04\/el-domingo-7-de-julio-abren-los-centros-comerciales-de-malaga\/","title":{"rendered":"El domingo 7 de julio abren las tiendas y centros comerciales de M\u00e1laga"},"content":{"rendered":"<p><span style=\"color: #333399;\">Hay un n\u00famero determinado de domingos al a\u00f1o en el que los comercios pueden abrir al p\u00fablico en M\u00e1laga. Y este que viene, 7 de julio, forma parte de ese grupo, ya que es el primero desde que comenzaron las rebajas oficiales de verano. Salvo posibles excepciones, el horario de atenci\u00f3n al p\u00fablico de las tiendas (incluidas por supuesto grandes superficies y centros comerciales) ser\u00e1 el habitual.<\/span><\/p>\n<p><span style=\"color: #333399;\">As\u00ed que ya sab\u00e9is d\u00f3nde pod\u00e9is invertir parte de vuestro tiempo libre este domingo, y de paso os recuerdo tambi\u00e9n que, como viene siendo habitual, tanto el centro comercial Parque Miramar (Fuengirola) como el de Rinc\u00f3n de la Victoria permanecen en verano abiertos todos los d\u00edas, para que la falta de tiempo no sea una excusa para no poder ir de compras.<\/span><\/p>\n<p><script type=\"text\/javascript\">var addthis_config = {\"data_track_clickback\":true,\"data_track_addressbar\":false,\"data_track_textcopy\":false,\"ui_atversion\":\"300\"}; var addthis_product = 'wpp-3.0.2';<\/script><script type=\"text\/javascript\" src=\"\/\/s7.addthis.com\/js\/300\/addthis_widget.js#pubid=ra-50fc27702fb34fca\"><\/script><\/p>\n<p><span style=\"color: #333399;\">\u00bfOs gusta aprovechar los domingos para ir de tiendas? \u00a1Avisados qued\u00e1is!<\/span><\/p>\n<p>&nbsp;<\/p>\n","protected":false},"excerpt":{"rendered":"<p>Hay un n\u00famero determinado de domingos al a\u00f1o en el que los comercios pueden abrir al p\u00fablico en M\u00e1laga. Y este que viene, 7 de julio, forma parte de ese grupo, ya que es el primero desde que comenzaron las rebajas oficiales de verano. Salvo posibles excepciones, el horario de atenci\u00f3n al p\u00fablico de las [&hellip;]<\/p>\n","protected":false},"author":24,"featured_media":0,"comment_status":"open","ping_status":"open","sticky":false,"template":"","format":"standard","meta":[],"categories":[2,7],"tags":[65,702,2835,3138,3603],"_links":{"self":[{"href":"https:\/\/blogs.diariosur.es\/-que-le-compro-\/wp-json\/wp\/v2\/posts\/2091"}],"collection":[{"href":"https:\/\/blogs.diariosur.es\/-que-le-compro-\/wp-json\/wp\/v2\/posts"}],"about":[{"href":"https:\/\/blogs.diariosur.es\/-que-le-compro-\/wp-json\/wp\/v2\/types\/post"}],"author":[{"embeddable":true,"href":"https:\/\/blogs.diariosur.es\/-que-le-compro-\/wp-json\/wp\/v2\/users\/24"}],"replies":[{"embeddable":true,"href":"https:\/\/blogs.diariosur.es\/-que-le-compro-\/wp-json\/wp\/v2\/comments?post=2091"}],"version-history":[{"count":0,"href":"https:\/\/blogs.diariosur.es\/-que-le-compro-\/wp-json\/wp\/v2\/posts\/2091\/revisions"}],"wp:attachment":[{"href":"https:\/\/blogs.diariosur.es\/-que-le-compro-\/wp-json\/wp\/v2\/media?parent=2091"}],"wp:term":[{"taxonomy":"category","embeddable":true,"href":"https:\/\/blogs.diariosur.es\/-que-le-compro-\/wp-json\/wp\/v2\/categories?post=2091"},{"taxonomy":"post_tag","embeddable":true,"href":"https:\/\/blogs.diariosur.es\/-que-le-compro-\/wp-json\/wp\/v2\/tags?post=2091"}],"curies":[{"name":"wp","href":"https:\/\/api.w.org\/{rel}","templated":true}]}}