{"id":2093,"date":"2013-07-05T10:36:27","date_gmt":"2013-07-05T08:36:27","guid":{"rendered":"http:\/\/blogs.diariosur.es\/-que-le-compro-\/?p=2093"},"modified":"2013-07-05T10:36:27","modified_gmt":"2013-07-05T08:36:27","slug":"puerto-marina-market-estrena-su-horario-de-verano-este-sabado","status":"publish","type":"post","link":"https:\/\/blogs.diariosur.es\/-que-le-compro-\/2013\/07\/05\/puerto-marina-market-estrena-su-horario-de-verano-este-sabado\/","title":{"rendered":"Puerto Marina Market estrena su horario de verano este s\u00e1bado. Mercadillo en La Casa Invisible"},"content":{"rendered":"<p><span style=\"color: #333399;\">Puntual a su cita de cada mes desde abril, <strong>Puerto Marina Market<\/strong> celebra este s\u00e1bado su edici\u00f3n de julio, en la que estrenar\u00e1 su horario de verano. As\u00ed, en vez de desarrollarse por la ma\u00f1ana, este mercadillo tendr\u00e1 lugar <span style=\"text-decoration: underline;\">de seis de la tarde a doce de la noche.<\/span><\/span><\/p>\n<p><span style=\"color: #333399;\">Moda, complementos, art\u00edculos de decoraci\u00f3n y alimentos gourmet son los puntos fuertes de esta cita, que cada ocasi\u00f3n re\u00fane a una media de 60 participantes. En la de este 6 de julio habr\u00e1 expositores ya habituales como Any Vitorinio, Loreto Fern\u00e1ndez o Samer El Al\u00ed a los que se unir\u00e1n otros nuevos como Bambhole o El rastrillo de Karla entre otros.<\/span><\/p>\n<p><span style=\"color: #333399;\">Ya sab\u00e9is que Puerto Marina Market se celebra\u00a0al final de Calle Fragata ,en Puerto Marina, en el primer parking privado.<\/span><\/p>\n<p><script type=\"text\/javascript\">var addthis_config = {\"data_track_clickback\":true,\"data_track_addressbar\":false,\"data_track_textcopy\":false,\"ui_atversion\":\"300\"}; var addthis_product = 'wpp-3.0.2';<\/script><script type=\"text\/javascript\" src=\"\/\/s7.addthis.com\/js\/300\/addthis_widget.js#pubid=ra-50fc27702fb34fca\"><\/script><\/p>\n<div id=\"attachment_2094\" style=\"width: 610px\" class=\"wp-caption aligncenter\"><a href=\"\/-que-le-compro-\/wp-content\/uploads\/sites\/19\/2013\/07\/puerto-marina.jpg\"><img aria-describedby=\"caption-attachment-2094\" loading=\"lazy\" class=\"size-full wp-image-2094\" title=\"IV Puerto Marina Market, 6 de julio\" src=\"\/-que-le-compro-\/wp-content\/uploads\/sites\/19\/2013\/07\/puerto-marina.jpg\" alt=\"IV Puerto Marina Market, 6 de julio\" width=\"600\" height=\"433\" srcset=\"https:\/\/static-blogs.diariosur.es\/wp-content\/uploads\/sites\/19\/2013\/07\/puerto-marina.jpg 600w, https:\/\/static-blogs.diariosur.es\/wp-content\/uploads\/sites\/19\/2013\/07\/puerto-marina-300x217.jpg 300w\" sizes=\"(max-width: 600px) 100vw, 600px\" \/><\/a><p id=\"caption-attachment-2094\" class=\"wp-caption-text\">IV Puerto Marina Market, 6 de julio<\/p><\/div>\n<p><span style=\"font-size: medium;\"><strong>Cita en La Casa Invisible y descanso del Cerrado Food Market<\/strong><\/span><\/p>\n<p><span style=\"color: #333399;\">Adem\u00e1s os recuerdo que tambi\u00e9n ten\u00e9is otro mercadillo este s\u00e1bado en el Centro de M\u00e1laga, ya que la artesan\u00eda local volver\u00e1 a tomar el patio de <strong>La Casa Invisible<\/strong> (calle Nosquera 11) de 12 de la ma\u00f1ana a ocho de la tarde. Y por si pensabais acercaros, que sep\u00e1is que el <strong>Cerrado Food Market<\/strong> ha echado el cierre por vacaciones y regresar\u00e1 en septiembre a su cita de los s\u00e1bados por la ma\u00f1ana en Cerrado de Calder\u00f3n.<\/span><\/p>\n<p><span style=\"color: #333399;\">\u00a1Avisados qued\u00e1is!<\/span><\/p>\n<p>&nbsp;<\/p>\n<p><img loading=\"lazy\" class=\"aligncenter size-full wp-image-2096\" title=\"Mercadillo en La Casa Invisible, 6 de julio\" src=\"\/-que-le-compro-\/wp-content\/uploads\/sites\/19\/2013\/07\/invisible-mercadillo.jpg\" alt=\"Mercadillo en La Casa Invisible, 6 de julio\" width=\"450\" height=\"532\" srcset=\"https:\/\/static-blogs.diariosur.es\/wp-content\/uploads\/sites\/19\/2013\/07\/invisible-mercadillo.jpg 450w, https:\/\/static-blogs.diariosur.es\/wp-content\/uploads\/sites\/19\/2013\/07\/invisible-mercadillo-254x300.jpg 254w\" sizes=\"(max-width: 450px) 100vw, 450px\" \/><\/p>\n","protected":false},"excerpt":{"rendered":"<p>Puntual a su cita de cada mes desde abril, Puerto Marina Market celebra este s\u00e1bado su edici\u00f3n de julio, en la que estrenar\u00e1 su horario de verano. As\u00ed, en vez de desarrollarse por la ma\u00f1ana, este mercadillo tendr\u00e1 lugar de seis de la tarde a doce de la noche. Moda, complementos, art\u00edculos de decoraci\u00f3n y [&hellip;]<\/p>\n","protected":false},"author":24,"featured_media":0,"comment_status":"open","ping_status":"open","sticky":false,"template":"","format":"standard","meta":[],"categories":[3,4],"tags":[545,718,932,2254,2274,3065,3066],"_links":{"self":[{"href":"https:\/\/blogs.diariosur.es\/-que-le-compro-\/wp-json\/wp\/v2\/posts\/2093"}],"collection":[{"href":"https:\/\/blogs.diariosur.es\/-que-le-compro-\/wp-json\/wp\/v2\/posts"}],"about":[{"href":"https:\/\/blogs.diariosur.es\/-que-le-compro-\/wp-json\/wp\/v2\/types\/post"}],"author":[{"embeddable":true,"href":"https:\/\/blogs.diariosur.es\/-que-le-compro-\/wp-json\/wp\/v2\/users\/24"}],"replies":[{"embeddable":true,"href":"https:\/\/blogs.diariosur.es\/-que-le-compro-\/wp-json\/wp\/v2\/comments?post=2093"}],"version-history":[{"count":0,"href":"https:\/\/blogs.diariosur.es\/-que-le-compro-\/wp-json\/wp\/v2\/posts\/2093\/revisions"}],"wp:attachment":[{"href":"https:\/\/blogs.diariosur.es\/-que-le-compro-\/wp-json\/wp\/v2\/media?parent=2093"}],"wp:term":[{"taxonomy":"category","embeddable":true,"href":"https:\/\/blogs.diariosur.es\/-que-le-compro-\/wp-json\/wp\/v2\/categories?post=2093"},{"taxonomy":"post_tag","embeddable":true,"href":"https:\/\/blogs.diariosur.es\/-que-le-compro-\/wp-json\/wp\/v2\/tags?post=2093"}],"curies":[{"name":"wp","href":"https:\/\/api.w.org\/{rel}","templated":true}]}}