{"id":2097,"date":"2013-07-06T12:37:33","date_gmt":"2013-07-06T10:37:33","guid":{"rendered":"http:\/\/blogs.diariosur.es\/-que-le-compro-\/?p=2097"},"modified":"2013-07-06T12:37:33","modified_gmt":"2013-07-06T10:37:33","slug":"fotos-pasarela-de-moda-entorno-thyssen","status":"publish","type":"post","link":"https:\/\/blogs.diariosur.es\/-que-le-compro-\/2013\/07\/06\/fotos-pasarela-de-moda-entorno-thyssen\/","title":{"rendered":"Tiendas de M\u00e1laga exhiben sus dise\u00f1os en la I Pasarela de moda Entorno Thyssen"},"content":{"rendered":"<p><span style=\"color: #333399;\">No paran, y su esfuerzo est\u00e1 teniendo sus frutos. Comerciantes del entorno del Museo Carmen Thyssen de M\u00e1laga, junto a la pinacoteca, se han unido para formar un colectivo con el que revitalizar esta zona del Centro de M\u00e1laga: <strong>Entorno Thyssen<\/strong>. Y su objetivo est\u00e1 dando sus frutos, y adem\u00e1s promueven actividades diferentes y a cu\u00e1l m\u00e1s interesante. La \u00faltima tuvo lugar este jueves y la protagonista fue ni m\u00e1s ni menos, la moda.<\/span><\/p>\n<p><span style=\"color: #333399;\">Las tiendas La Gioconda Novias y Fiesta, L&#8217;\u00e9tude, La Romer\u00eda, Spagnolo, Jos\u00e9 Luis Joyero, Jones\u00a0New York, Rachel Rachel Roy, Joyer\u00eda Hago, Viva la Feria y Rio de la Plata fueron las elegidas\u00a0para mostrar sus dise\u00f1os en este desfile que tras el \u00e9xito cosechado, espera consolidarse en\u00a0futuras ocasiones. Entre los modelos se pudo ver a Marta Blanco, Linda de Espa\u00f1a, Conchi\u00a0Santiago, Linda M\u00e1laga, Daniel Rivero, Guapo Andaluc\u00eda y Salvador Corpas, Guapo Costa del \u00a0Sol.<\/span><\/p>\n<p><span style=\"color: #333399;\">La iniciativa \u00a0se desarroll\u00f3 entre las calles Salvago y Compa\u00f1\u00eda y suscit\u00f3 l\u00f3gicamente la curiosidad de todo el que pasaba por all\u00ed. <strong><span style=\"font-size: medium;\"><a href=\"http:\/\/www.diariosur.es\/multimedia\/fotos\/malaga\/123492-pasarela-moda-entorno-thyssen-fotos-0.html\" rel=\"external nofollow\">Pincha aqu\u00ed para ver m\u00e1s fotos de la I Pasarela Entorno Thyssen<\/a><\/span><\/strong> \u00a1Felicidades por la idea!<\/span><\/p>\n<div id=\"attachment_2098\" style=\"width: 460px\" class=\"wp-caption aligncenter\"><a href=\"\/-que-le-compro-\/wp-content\/uploads\/sites\/19\/2013\/07\/blog-romeria.jpg\"><img aria-describedby=\"caption-attachment-2098\" loading=\"lazy\" class=\"size-full wp-image-2098\" title=\"Puesta en escena de la tienda La Romer\u00eda\" src=\"\/-que-le-compro-\/wp-content\/uploads\/sites\/19\/2013\/07\/blog-romeria.jpg\" alt=\"Puesta en escena de la tienda La Romer\u00eda\" width=\"450\" height=\"540\" srcset=\"https:\/\/static-blogs.diariosur.es\/wp-content\/uploads\/sites\/19\/2013\/07\/blog-romeria.jpg 450w, https:\/\/static-blogs.diariosur.es\/wp-content\/uploads\/sites\/19\/2013\/07\/blog-romeria-250x300.jpg 250w\" sizes=\"(max-width: 450px) 100vw, 450px\" \/><\/a><p id=\"caption-attachment-2098\" class=\"wp-caption-text\">Puesta en escena de la tienda La Romer\u00eda<\/p><\/div>\n<p><script type=\"text\/javascript\">var addthis_config = {\"data_track_clickback\":true,\"data_track_addressbar\":false,\"data_track_textcopy\":false,\"ui_atversion\":\"300\"}; var addthis_product = 'wpp-3.0.2';<\/script><script type=\"text\/javascript\" src=\"\/\/s7.addthis.com\/js\/300\/addthis_widget.js#pubid=ra-50fc27702fb34fca\"><\/script><\/p>\n<div id=\"attachment_2099\" style=\"width: 460px\" class=\"wp-caption aligncenter\"><a href=\"\/-que-le-compro-\/wp-content\/uploads\/sites\/19\/2013\/07\/blog-vivaferia.jpg\"><img aria-describedby=\"caption-attachment-2099\" loading=\"lazy\" class=\"size-full wp-image-2099\" title=\"Modelo presentado por Viva la feria\" src=\"\/-que-le-compro-\/wp-content\/uploads\/sites\/19\/2013\/07\/blog-vivaferia.jpg\" alt=\"Modelo presentado por Viva la feria\" width=\"450\" height=\"678\" srcset=\"https:\/\/static-blogs.diariosur.es\/wp-content\/uploads\/sites\/19\/2013\/07\/blog-vivaferia.jpg 450w, https:\/\/static-blogs.diariosur.es\/wp-content\/uploads\/sites\/19\/2013\/07\/blog-vivaferia-199x300.jpg 199w\" sizes=\"(max-width: 450px) 100vw, 450px\" \/><\/a><p id=\"caption-attachment-2099\" class=\"wp-caption-text\">Modelo presentado por Viva la feria<\/p><\/div>\n<p>&nbsp;<\/p>\n","protected":false},"excerpt":{"rendered":"<p>No paran, y su esfuerzo est\u00e1 teniendo sus frutos. Comerciantes del entorno del Museo Carmen Thyssen de M\u00e1laga, junto a la pinacoteca, se han unido para formar un colectivo con el que revitalizar esta zona del Centro de M\u00e1laga: Entorno Thyssen. Y su objetivo est\u00e1 dando sus frutos, y adem\u00e1s promueven actividades diferentes y a [&hellip;]<\/p>\n","protected":false},"author":24,"featured_media":0,"comment_status":"open","ping_status":"open","sticky":false,"template":"","format":"standard","meta":[],"categories":[7],"tags":[1269,1773,1870,2667,2852,3682],"_links":{"self":[{"href":"https:\/\/blogs.diariosur.es\/-que-le-compro-\/wp-json\/wp\/v2\/posts\/2097"}],"collection":[{"href":"https:\/\/blogs.diariosur.es\/-que-le-compro-\/wp-json\/wp\/v2\/posts"}],"about":[{"href":"https:\/\/blogs.diariosur.es\/-que-le-compro-\/wp-json\/wp\/v2\/types\/post"}],"author":[{"embeddable":true,"href":"https:\/\/blogs.diariosur.es\/-que-le-compro-\/wp-json\/wp\/v2\/users\/24"}],"replies":[{"embeddable":true,"href":"https:\/\/blogs.diariosur.es\/-que-le-compro-\/wp-json\/wp\/v2\/comments?post=2097"}],"version-history":[{"count":0,"href":"https:\/\/blogs.diariosur.es\/-que-le-compro-\/wp-json\/wp\/v2\/posts\/2097\/revisions"}],"wp:attachment":[{"href":"https:\/\/blogs.diariosur.es\/-que-le-compro-\/wp-json\/wp\/v2\/media?parent=2097"}],"wp:term":[{"taxonomy":"category","embeddable":true,"href":"https:\/\/blogs.diariosur.es\/-que-le-compro-\/wp-json\/wp\/v2\/categories?post=2097"},{"taxonomy":"post_tag","embeddable":true,"href":"https:\/\/blogs.diariosur.es\/-que-le-compro-\/wp-json\/wp\/v2\/tags?post=2097"}],"curies":[{"name":"wp","href":"https:\/\/api.w.org\/{rel}","templated":true}]}}