{"id":2100,"date":"2013-07-06T17:01:29","date_gmt":"2013-07-06T15:01:29","guid":{"rendered":"http:\/\/blogs.diariosur.es\/-que-le-compro-\/?p=2100"},"modified":"2013-07-06T17:01:29","modified_gmt":"2013-07-06T15:01:29","slug":"green-market-en-muelle-uno-y-mercadillo-banos-del-carmen-en-el-palo-este-domingo","status":"publish","type":"post","link":"https:\/\/blogs.diariosur.es\/-que-le-compro-\/2013\/07\/06\/green-market-en-muelle-uno-y-mercadillo-banos-del-carmen-en-el-palo-este-domingo\/","title":{"rendered":"Green Market en Muelle Uno y mercadillo Ba\u00f1os del Carmen en El Palo este domingo"},"content":{"rendered":"<p><span style=\"color: #333399;\">Pese al calor, los mercadillos \u00a0siguen fieles a su cita con el p\u00fablico en M\u00e1laga capital. Y este domingo podremos disfrutar de dos, uno por la ma\u00f1ana y otro por la tarde, para que haya tiempo para todo.<\/span><\/p>\n<p><span style=\"color: #333399;\">El primero ser\u00e1 el de los <strong>Ba\u00f1os del Carmen<\/strong>, que como ya sab\u00e9is se celebra en el paseo mar\u00edtimo de El Palo (junto a la calle Quitapenas) de diez de la ma\u00f1ana a tres de la tarde. La moda, los complementos de todo tipo y la artesan\u00eda son los puntos fuertes de esta iniciativa mensual, que en esta ocasi\u00f3n contar\u00e1 como novedad con la <span style=\"text-decoration: underline;\">actuaci\u00f3n del grupo Respiro<\/span>, sobre la una de la tarde.<\/span><\/p>\n<div id=\"attachment_2101\" style=\"width: 510px\" class=\"wp-caption aligncenter\"><a href=\"\/-que-le-compro-\/wp-content\/uploads\/sites\/19\/2013\/07\/green-market.jpg\"><img aria-describedby=\"caption-attachment-2101\" loading=\"lazy\" class=\"size-full wp-image-2101\" title=\"II Green  Market en Muelle Uno, 7 de julio\" src=\"\/-que-le-compro-\/wp-content\/uploads\/sites\/19\/2013\/07\/green-market.jpg\" alt=\"II Green  Market en Muelle Uno, 7 de julio\" width=\"500\" height=\"379\" srcset=\"https:\/\/static-blogs.diariosur.es\/wp-content\/uploads\/sites\/19\/2013\/07\/green-market.jpg 500w, https:\/\/static-blogs.diariosur.es\/wp-content\/uploads\/sites\/19\/2013\/07\/green-market-300x227.jpg 300w\" sizes=\"(max-width: 500px) 100vw, 500px\" \/><\/a><p id=\"caption-attachment-2101\" class=\"wp-caption-text\">II Green Market en Muelle Uno, 7 de julio<\/p><\/div>\n<p><script type=\"text\/javascript\">var addthis_config = {\"data_track_clickback\":true,\"data_track_addressbar\":false,\"data_track_textcopy\":false,\"ui_atversion\":\"300\"}; var addthis_product = 'wpp-3.0.2';<\/script><script type=\"text\/javascript\" src=\"\/\/s7.addthis.com\/js\/300\/addthis_widget.js#pubid=ra-50fc27702fb34fca\"><\/script><\/p>\n<p><span style=\"color: #333399;\">Y para la tarde-noche, tambi\u00e9n junto al mar pero en <strong>Muelle Uno<\/strong>, se celebrar\u00e1 el <strong>Green Market<\/strong>, que cumple su segunda edici\u00f3n y que tambi\u00e9n tiene previsto que tenga lugar el primer domingo de cada mes. La ecolog\u00eda y el reciclaje son los motores de este mercadillo, por lo que podr\u00e1n encontrarse tanto artesan\u00eda como alimentaci\u00f3n y objetos de decoraci\u00f3n hechos de manera totalmente artesanal. Entre otros art\u00edculos habr\u00e1 jabones, bisuter\u00eda y otros tipos de complementos, incluida tambi\u00e9n moda infantil. Todo ello <strong>de ocho de la tarde a una de la madrugada.<\/strong><\/p>\n<p>Una interesante propuesta para disfrutar del talento de los creadores, \u00bfno os parece? Adem\u00e1s os recuerdo que un domingo m\u00e1s la <strong>asociaci\u00f3n {re} Uni\u00f3n de Creadores<\/strong> celebrar\u00e1 su exposici\u00f3n\/mercadillo tambi\u00e9n en Muelle Uno, de cinco de la tarde a diez de la noche.<\/span><\/p>\n<p><span style=\"color: #333399;\">\u00a1Que disfrut\u00e9is del domingo!<\/span><\/p>\n","protected":false},"excerpt":{"rendered":"<p>Pese al calor, los mercadillos \u00a0siguen fieles a su cita con el p\u00fablico en M\u00e1laga capital. Y este domingo podremos disfrutar de dos, uno por la ma\u00f1ana y otro por la tarde, para que haya tiempo para todo. El primero ser\u00e1 el de los Ba\u00f1os del Carmen, que como ya sab\u00e9is se celebra en el [&hellip;]<\/p>\n","protected":false},"author":24,"featured_media":0,"comment_status":"open","ping_status":"open","sticky":false,"template":"","format":"standard","meta":[],"categories":[4],"tags":[152,1571,1610,1746,2181,2559],"_links":{"self":[{"href":"https:\/\/blogs.diariosur.es\/-que-le-compro-\/wp-json\/wp\/v2\/posts\/2100"}],"collection":[{"href":"https:\/\/blogs.diariosur.es\/-que-le-compro-\/wp-json\/wp\/v2\/posts"}],"about":[{"href":"https:\/\/blogs.diariosur.es\/-que-le-compro-\/wp-json\/wp\/v2\/types\/post"}],"author":[{"embeddable":true,"href":"https:\/\/blogs.diariosur.es\/-que-le-compro-\/wp-json\/wp\/v2\/users\/24"}],"replies":[{"embeddable":true,"href":"https:\/\/blogs.diariosur.es\/-que-le-compro-\/wp-json\/wp\/v2\/comments?post=2100"}],"version-history":[{"count":0,"href":"https:\/\/blogs.diariosur.es\/-que-le-compro-\/wp-json\/wp\/v2\/posts\/2100\/revisions"}],"wp:attachment":[{"href":"https:\/\/blogs.diariosur.es\/-que-le-compro-\/wp-json\/wp\/v2\/media?parent=2100"}],"wp:term":[{"taxonomy":"category","embeddable":true,"href":"https:\/\/blogs.diariosur.es\/-que-le-compro-\/wp-json\/wp\/v2\/categories?post=2100"},{"taxonomy":"post_tag","embeddable":true,"href":"https:\/\/blogs.diariosur.es\/-que-le-compro-\/wp-json\/wp\/v2\/tags?post=2100"}],"curies":[{"name":"wp","href":"https:\/\/api.w.org\/{rel}","templated":true}]}}